{"id":14352,"date":"2025-06-18T15:32:29","date_gmt":"2025-06-18T15:32:29","guid":{"rendered":"https:\/\/rewo.io\/?p=14352"},"modified":"2025-06-18T18:05:11","modified_gmt":"2025-06-18T18:05:11","slug":"a-gyartasi-munkautasitasok-teljes-utmutatoja","status":"publish","type":"post","link":"https:\/\/rewo.io\/hu\/the-complete-guide-to-work-instructions-in-manufacturing\/","title":{"rendered":"A gy\u00e1rt\u00e1si munkautas\u00edt\u00e1sok teljes \u00fatmutat\u00f3ja"},"content":{"rendered":"<div class=\"wp-block-uagb-image uagb-block-6c31f390 wp-block-uagb-image--layout-default wp-block-uagb-image--effect-zoomin wp-block-uagb-image--align-none\"><figure class=\"wp-block-uagb-image__figure\"><img decoding=\"async\" data-srcset=\"https:\/\/rewo.io\/wp-content\/uploads\/2025\/06\/WIA1-1024x559.jpg ,https:\/\/rewo.io\/wp-content\/uploads\/2025\/06\/WIA1.jpg 780w, https:\/\/rewo.io\/wp-content\/uploads\/2025\/06\/WIA1.jpg 360w\" data-sizes=\"auto, (max-width: 480px) 150px\" data-src=\"https:\/\/rewo.io\/wp-content\/uploads\/2025\/06\/WIA1-1024x559.jpg\" alt=\"\" class=\"uag-image-14358 lazyload\" width=\"1024\" height=\"559\" title=\"WIA1\" role=\"img\" src=\"data:image\/svg+xml;base64,PHN2ZyB3aWR0aD0iMSIgaGVpZ2h0PSIxIiB4bWxucz0iaHR0cDovL3d3dy53My5vcmcvMjAwMC9zdmciPjwvc3ZnPg==\" style=\"--smush-placeholder-width: 1024px; --smush-placeholder-aspect-ratio: 1024\/559;\" \/><\/figure><\/div>\n\n\n\n<p>Napjaink gyorsan v\u00e1ltoz\u00f3 gy\u00e1rt\u00e1si vil\u00e1g\u00e1ban egy dolog \u00e1lland\u00f3: a feladatok helyes elv\u00e9gz\u00e9s\u00e9re vonatkoz\u00f3 egy\u00e9rtelm\u0171, k\u00f6vetkezetes \u00fatmutat\u00e1sra van sz\u00fcks\u00e9g. Itt j\u00f6nnek a k\u00e9pbe a munkautas\u00edt\u00e1sok. A tervez\u00e9st \u00e9s a v\u00e9grehajt\u00e1st \u00f6sszek\u00f6t\u0151 utols\u00f3 l\u00e9pcs\u0151fokk\u00e9nt szolg\u00e1lnak, a komplex folyamatokat \u00e9rthet\u0151 l\u00e9p\u00e9sekk\u00e9 alak\u00edtva a frontvonalban dolgoz\u00f3k sz\u00e1m\u00e1ra. Ezt az \u00fatmutat\u00f3t \u00fagy tervezt\u00fck, hogy seg\u00edtsen meg\u00e9rteni a munkautas\u00edt\u00e1sok teljes \u00e9rt\u00e9k\u00e9t, hogyan hozza l\u00e9tre \u00e9s kezelje \u0151ket, \u00e9s hogyan \u00e9p\u00edtse be \u0151ket a napi m\u0171veletekbe.<\/p>\n\n\n\n<p>Ak\u00e1r termel\u00e9si vezet\u0151, ak\u00e1r min\u0151s\u00e9g\u00fcgyi tisztvisel\u0151, ak\u00e1r a beilleszt\u00e9s\u00e9rt \u00e9s a k\u00e9pz\u00e9s\u00e9rt felel\u0151s szem\u00e9ly, ez az \u00fatmutat\u00f3 seg\u00edt olyan munkautas\u00edt\u00e1s-rendszer kialak\u00edt\u00e1s\u00e1ban, amely jav\u00edtja a hat\u00e9konys\u00e1got, cs\u00f6kkenti a hib\u00e1kat, \u00e9s k\u00e9pess\u00e9 teszi a munkaer\u0151t. Megtudhatja, hogy a r\u00e9szletes feladatutas\u00edt\u00e1sok nemcsak a napi munkafolyamatok jav\u00e1t szolg\u00e1lj\u00e1k, hanem olyan hossz\u00fa t\u00e1v\u00fa c\u00e9lokhoz is hozz\u00e1j\u00e1rulnak, mint a szabv\u00e1nyos\u00edt\u00e1s, a nyomon k\u00f6vethet\u0151s\u00e9g \u00e9s a sk\u00e1l\u00e1zhat\u00f3 n\u00f6veked\u00e9s.<\/p>\n\n\n\t\t\t\t<div class=\"wp-block-uagb-table-of-contents uagb-toc__align-left uagb-toc__columns-1  uagb-block-36d7a688\"\n\t\t\t\t\tdata-scroll= \"1\"\n\t\t\t\t\tdata-offset= \"30\"\n\t\t\t\t\tstyle=\"\"\n\t\t\t\t>\n\t\t\t\t<div class=\"uagb-toc__wrap\">\n\t\t\t\t\t\t<div class=\"uagb-toc__title\">\n\t\t\t\t\t\t\t<strong>Tartalomjegyz\u00e9k<\/strong>\t\t\t\t\t\t<\/div>\n\t\t\t\t\t\t\t\t\t\t\t\t\t\t\t\t\t\t\t\t\t\t<div class=\"uagb-toc__list-wrap\">\n\t\t\t\t\t\t<ol class=\"uagb-toc__list\"><li class=\"uagb-toc__list\"><a href=\"#foundations-of-work-instructions\" class=\"uagb-toc-link__trigger\">A munkautas\u00edt\u00e1sok alapjai<\/a><ul class=\"uagb-toc__list\"><li class=\"uagb-toc__list\"><a href=\"#what-are-work-instructions\" class=\"uagb-toc-link__trigger\">Mik azok a munkautas\u00edt\u00e1sok?<\/a><li class=\"uagb-toc__list\"><li class=\"uagb-toc__list\"><a href=\"#work-instructions-vs-sops\" class=\"uagb-toc-link__trigger\">Munkautas\u00edt\u00e1sok vs. SOP-k<\/a><li class=\"uagb-toc__list\"><li class=\"uagb-toc__list\"><a href=\"#role-in-quality-and-compliance\" class=\"uagb-toc-link__trigger\">Szerep a min\u0151s\u00e9gben \u00e9s a megfelel\u0151s\u00e9gben<\/a><li class=\"uagb-toc__list\"><li class=\"uagb-toc__list\"><a href=\"#documentation-hierarchy\" class=\"uagb-toc-link__trigger\">Dokument\u00e1ci\u00f3s hierarchia<\/a><\/li><\/ul><\/li><li class=\"uagb-toc__list\"><a href=\"#implementation-across-the-employee-lifecycle\" class=\"uagb-toc-link__trigger\">V\u00e9grehajt\u00e1s az alkalmazottak \u00e9letciklusa sor\u00e1n<\/a><ul class=\"uagb-toc__list\"><li class=\"uagb-toc__list\"><a href=\"#onboarding-and-training\" class=\"uagb-toc-link__trigger\">Be\u00e9p\u00edt\u00e9s \u00e9s k\u00e9pz\u00e9s<\/a><li class=\"uagb-toc__list\"><li class=\"uagb-toc__list\"><a href=\"#daily-operations-and-support\" class=\"uagb-toc-link__trigger\">Napi m\u0171k\u00f6d\u00e9s \u00e9s t\u00e1mogat\u00e1s<\/a><li class=\"uagb-toc__list\"><li class=\"uagb-toc__list\"><a href=\"#cross-training-offboarding-and-retention\" class=\"uagb-toc-link__trigger\">Kereszttr\u00e9ning, kik\u00e9pz\u00e9s \u00e9s megtart\u00e1s<\/a><li class=\"uagb-toc__list\"><li class=\"uagb-toc__list\"><a href=\"#a-day-in-the-life-operator-at-an-assembly-plant\" class=\"uagb-toc-link__trigger\">Egy nap az \u00e9letben: Egy \u00f6sszeszerel\u0151 \u00fczem oper\u00e1tora<\/a><\/li><\/ul><\/li><\/ul><\/li><li class=\"uagb-toc__list\"><a href=\"#creating-effective-work-instructions\" class=\"uagb-toc-link__trigger\">Hat\u00e9kony munkautas\u00edt\u00e1sok l\u00e9trehoz\u00e1sa<\/a><ul class=\"uagb-toc__list\"><li class=\"uagb-toc__list\"><a href=\"#structure-and-key-elements\" class=\"uagb-toc-link__trigger\">Szerkezet \u00e9s kulcsfontoss\u00e1g\u00fa elemek<\/a><li class=\"uagb-toc__list\"><li class=\"uagb-toc__list\"><a href=\"#formats-and-delivery-methods\" class=\"uagb-toc-link__trigger\">Form\u00e1tumok \u00e9s sz\u00e1ll\u00edt\u00e1si m\u00f3dok<\/a><li class=\"uagb-toc__list\"><li class=\"uagb-toc__list\"><a href=\"#best-practices-in-content-design\" class=\"uagb-toc-link__trigger\">Legjobb gyakorlatok a tartalomtervez\u00e9sben<\/a><\/li><\/ul><\/li><\/ul><\/li><\/ul><\/li><li class=\"uagb-toc__list\"><a href=\"#driving-operator-engagement\" class=\"uagb-toc-link__trigger\">Az \u00fczemeltet\u0151i elk\u00f6telezetts\u00e9g \u00f6szt\u00f6nz\u00e9se<\/a><ul class=\"uagb-toc__list\"><li class=\"uagb-toc__list\"><a href=\"#behavioral-strategies\" class=\"uagb-toc-link__trigger\">Viselked\u00e9si strat\u00e9gi\u00e1k<\/a><li class=\"uagb-toc__list\"><li class=\"uagb-toc__list\"><a href=\"#cultural-integration\" class=\"uagb-toc-link__trigger\">Kultur\u00e1lis integr\u00e1ci\u00f3<\/a><li class=\"uagb-toc__list\"><li class=\"uagb-toc__list\"><a href=\"#communication-and-leadership-influence\" class=\"uagb-toc-link__trigger\">Kommunik\u00e1ci\u00f3 \u00e9s vezet\u0151i befoly\u00e1s<\/a><li class=\"uagb-toc__list\"><li class=\"uagb-toc__list\"><a href=\"#long-term-adoption-and-maturity\" class=\"uagb-toc-link__trigger\">Hossz\u00fa t\u00e1v\u00fa elfogad\u00e1s \u00e9s \u00e9retts\u00e9g<\/a><\/li><\/ul><\/li><\/ul><\/li><\/ul><\/li><\/ul><\/li><li class=\"uagb-toc__list\"><a href=\"#accessibility-and-localization\" class=\"uagb-toc-link__trigger\">Hozz\u00e1f\u00e9rhet\u0151s\u00e9g \u00e9s lokaliz\u00e1ci\u00f3<\/a><ul class=\"uagb-toc__list\"><li class=\"uagb-toc__list\"><a href=\"#multilingual-and-cultural-considerations\" class=\"uagb-toc-link__trigger\">T\u00f6bbnyelv\u0171s\u00e9gi \u00e9s kultur\u00e1lis megfontol\u00e1sok<\/a><li class=\"uagb-toc__list\"><li class=\"uagb-toc__list\"><a href=\"#digital-accessibility-and-inclusion\" class=\"uagb-toc-link__trigger\">Digit\u00e1lis akad\u00e1lymentes\u00edt\u00e9s \u00e9s befogad\u00e1s<\/a><\/li><\/ul><\/li><\/ul><\/li><\/ul><\/li><\/ul><\/li><\/ul><\/li><li class=\"uagb-toc__list\"><a href=\"#change-management-and-rollout\" class=\"uagb-toc-link__trigger\">V\u00e1ltoz\u00e1smenedzsment \u00e9s bevezet\u00e9s<\/a><ul class=\"uagb-toc__list\"><li class=\"uagb-toc__list\"><a href=\"#introducing-instructions-to-the-workforce\" class=\"uagb-toc-link__trigger\">Az utas\u00edt\u00e1sok bevezet\u00e9se a munkaer\u0151be<\/a><li class=\"uagb-toc__list\"><li class=\"uagb-toc__list\"><a href=\"#pilot-programs-and-communication-strategy\" class=\"uagb-toc-link__trigger\">K\u00eds\u00e9rleti programok \u00e9s kommunik\u00e1ci\u00f3s strat\u00e9gia<\/a><li class=\"uagb-toc__list\"><li class=\"uagb-toc__list\"><a href=\"#monitoring-feedback-and-continuous-adoption\" class=\"uagb-toc-link__trigger\">Monitoring, visszajelz\u00e9s \u00e9s folyamatos \u00e1tv\u00e9tel<\/a><li class=\"uagb-toc__list\"><li class=\"uagb-toc__list\"><a href=\"#overcoming-resistance-to-change\" class=\"uagb-toc-link__trigger\">A v\u00e1ltoz\u00e1ssal szembeni ellen\u00e1ll\u00e1s lek\u00fczd\u00e9se<\/a><li class=\"uagb-toc__list\"><li class=\"uagb-toc__list\"><a href=\"#training-the-trainers\" class=\"uagb-toc-link__trigger\">Az oktat\u00f3k k\u00e9pz\u00e9se<\/a><li class=\"uagb-toc__list\"><li class=\"uagb-toc__list\"><a href=\"#rollout-readiness-checklist\" class=\"uagb-toc-link__trigger\">A bevezet\u00e9si k\u00e9szenl\u00e9t ellen\u0151rz\u0151 list\u00e1ja<\/a><li class=\"uagb-toc__list\"><li class=\"uagb-toc__list\"><a href=\"#change-metrics-and-evaluation-timeline\" class=\"uagb-toc-link__trigger\">V\u00e1ltoz\u00e1s m\u00e9r\u0151sz\u00e1mok \u00e9s \u00e9rt\u00e9kel\u00e9si \u00fctemterv<\/a><\/li><\/ul><\/li><\/ul><\/li><\/ul><\/li><\/ul><\/li><\/ul><\/li><\/ul><\/li><li class=\"uagb-toc__list\"><a href=\"#measuring-effectiveness\" class=\"uagb-toc-link__trigger\">A hat\u00e9konys\u00e1g m\u00e9r\u00e9se<\/a><ul class=\"uagb-toc__list\"><li class=\"uagb-toc__list\"><a href=\"#why-measuring-matters\" class=\"uagb-toc-link__trigger\">Mi\u00e9rt fontos a m\u00e9r\u00e9s<\/a><li class=\"uagb-toc__list\"><li class=\"uagb-toc__list\"><a href=\"#what-to-measure-and-what-it-tells-you\" class=\"uagb-toc-link__trigger\">Mit kell m\u00e9rni (\u00e9s mit \u00e1rul el)<\/a><li class=\"uagb-toc__list\"><li class=\"uagb-toc__list\"><a href=\"#how-to-act-on-the-data\" class=\"uagb-toc-link__trigger\">Hogyan cselekedj\u00fcnk az adatok alapj\u00e1n<\/a><\/li><\/ul><\/li><\/ul><\/li><\/ul><\/li><\/ul><\/li><\/ul><\/li><\/ul><\/li><\/ul><\/li><li class=\"uagb-toc__list\"><a href=\"#continuous-improvement-and-ownership\" class=\"uagb-toc-link__trigger\">Folyamatos fejleszt\u00e9s \u00e9s felel\u0151ss\u00e9gv\u00e1llal\u00e1s<\/a><ul class=\"uagb-toc__list\"><li class=\"uagb-toc__list\"><a href=\"#roles-and-responsibilities\" class=\"uagb-toc-link__trigger\">Szerepek \u00e9s felel\u0151ss\u00e9gek<\/a><li class=\"uagb-toc__list\"><li class=\"uagb-toc__list\"><a href=\"#scheduled-reviews-and-version-control\" class=\"uagb-toc-link__trigger\">\u00dctemezett fel\u00fclvizsg\u00e1latok \u00e9s verzi\u00f3ellen\u0151rz\u00e9s<\/a><li class=\"uagb-toc__list\"><li class=\"uagb-toc__list\"><a href=\"#integrating-feedback-and-usage-data\" class=\"uagb-toc-link__trigger\">Visszajelz\u00e9sek \u00e9s haszn\u00e1lati adatok integr\u00e1l\u00e1sa<\/a><\/li><\/ul><\/li><\/ul><\/li><\/ul><\/li><\/ul><\/li><\/ul><\/li><\/ul><\/li><\/ul><\/li><\/ul><\/li><li class=\"uagb-toc__list\"><a href=\"#risks-of-poor-implementation\" class=\"uagb-toc-link__trigger\">A rossz v\u00e9grehajt\u00e1s kock\u00e1zatai<\/a><ul class=\"uagb-toc__list\"><li class=\"uagb-toc__list\"><a href=\"#operational-risks\" class=\"uagb-toc-link__trigger\">M\u0171k\u00f6d\u00e9si kock\u00e1zatok<\/a><li class=\"uagb-toc__list\"><li class=\"uagb-toc__list\"><a href=\"#compliance-and-regulatory-risks\" class=\"uagb-toc-link__trigger\">Megfelel\u00e9si \u00e9s szab\u00e1lyoz\u00e1si kock\u00e1zatok<\/a><li class=\"uagb-toc__list\"><li class=\"uagb-toc__list\"><a href=\"#cultural-and-organizational-risks\" class=\"uagb-toc-link__trigger\">Kultur\u00e1lis \u00e9s szervezeti kock\u00e1zatok<\/a><li class=\"uagb-toc__list\"><li class=\"uagb-toc__list\"><a href=\"#organizational-impact-summary\" class=\"uagb-toc-link__trigger\">Szervezeti hat\u00e1s \u00f6sszefoglal\u00e1sa<\/a><li class=\"uagb-toc__list\"><li class=\"uagb-toc__list\"><a href=\"#what-good-looks-like\" class=\"uagb-toc-link__trigger\">Milyen a j\u00f3<\/a><\/li><\/ul><\/li><\/ul><\/li><\/ul><\/li><\/ul><\/li><\/ul><\/li><\/ul><\/li><\/ul><\/li><\/ul><\/li><\/ul><\/li><li class=\"uagb-toc__list\"><a href=\"#standards-and-regulatory-requirements\" class=\"uagb-toc-link__trigger\">Szabv\u00e1nyok \u00e9s szab\u00e1lyoz\u00e1si k\u00f6vetelm\u00e9nyek<\/a><li class=\"uagb-toc__list\"><a href=\"#digital-transformation-of-work-instructions\" class=\"uagb-toc-link__trigger\">A munkautas\u00edt\u00e1sok digit\u00e1lis \u00e1talak\u00edt\u00e1sa<\/a><ul class=\"uagb-toc__list\"><li class=\"uagb-toc__list\"><a href=\"#modern-tools-and-platforms\" class=\"uagb-toc-link__trigger\">Modern eszk\u00f6z\u00f6k \u00e9s platformok<\/a><li class=\"uagb-toc__list\"><li class=\"uagb-toc__list\"><a href=\"#transition-to-video-based-instructions\" class=\"uagb-toc-link__trigger\">\u00c1tmenet a vide\u00f3alap\u00fa utas\u00edt\u00e1sokra<\/a><li class=\"uagb-toc__list\"><li class=\"uagb-toc__list\"><a href=\"#integration-with-erp-lms-mes\" class=\"uagb-toc-link__trigger\">Integr\u00e1ci\u00f3 ERP, LMS, MES rendszerekkel<\/a><li class=\"uagb-toc__list\"><li class=\"uagb-toc__list\"><a href=\"#real-time-access-and-version-control\" class=\"uagb-toc-link__trigger\">Val\u00f3s idej\u0171 hozz\u00e1f\u00e9r\u00e9s \u00e9s verzi\u00f3kezel\u00e9s<\/a><\/li><\/ul><\/li><\/ul><\/li><\/ul><\/li><\/ul><\/li><\/ul><\/li><\/ul><\/li><\/ul><\/li><\/ul><\/li><\/ul><\/li><\/ul><\/li><li class=\"uagb-toc__list\"><a href=\"#real-world-case-studies\" class=\"uagb-toc-link__trigger\">Val\u00f3s vil\u00e1gbeli esettanulm\u00e1nyok<\/a><ul class=\"uagb-toc__list\"><li class=\"uagb-toc__list\"><a href=\"#mannhummel-from-print-to-smart-digital-training\" class=\"uagb-toc-link__trigger\">Mann+Hummel: A nyomtat\u00e1st\u00f3l az intelligens digit\u00e1lis k\u00e9pz\u00e9sig<\/a><li class=\"uagb-toc__list\"><li class=\"uagb-toc__list\"><a href=\"#scanreco-enhancing-operator-performance-and-audit-readiness\" class=\"uagb-toc-link__trigger\">Scanreco: Az \u00fczemeltet\u0151i teljes\u00edtm\u00e9ny \u00e9s az auditk\u00e9szs\u00e9g jav\u00edt\u00e1sa<\/a><li class=\"uagb-toc__list\"><li class=\"uagb-toc__list\"><a href=\"#kolektor-scaling-instructional-efficiency-across-global-plants\" class=\"uagb-toc-link__trigger\">Kolektor: Az oktat\u00e1s hat\u00e9konys\u00e1g\u00e1nak sk\u00e1l\u00e1z\u00e1sa a glob\u00e1lis \u00fczemekben<\/a><\/li><\/ul><\/li><\/ul><\/li><\/ul><\/li><\/ul><\/li><\/ul><\/li><\/ul><\/li><\/ul><\/li><\/ul><\/li><\/ul><\/li><\/ul><\/li><\/ul><\/li><li class=\"uagb-toc__list\"><a href=\"#innovation-and-future-trends\" class=\"uagb-toc-link__trigger\">Innov\u00e1ci\u00f3 \u00e9s j\u00f6v\u0151beli trendek<\/a><ul class=\"uagb-toc__list\"><li class=\"uagb-toc__list\"><a href=\"#ai-ar-iot-and-smart-factory-integration\" class=\"uagb-toc-link__trigger\">AI, AR, IoT \u00e9s intelligens gy\u00e1rak integr\u00e1ci\u00f3ja<\/a><li class=\"uagb-toc__list\"><li class=\"uagb-toc__list\"><a href=\"#adaptive-and-personalized-instruction-systems\" class=\"uagb-toc-link__trigger\">Adapt\u00edv \u00e9s szem\u00e9lyre szabott oktat\u00e1si rendszerek<\/a><\/li><\/ul><\/li><\/ul><\/li><\/ul><\/li><\/ul><\/li><\/ul><\/li><\/ul><\/li><\/ul><\/li><\/ul><\/li><\/ul><\/li><\/ul><\/li><\/ul><\/li><\/ul><\/li><li class=\"uagb-toc__list\"><a href=\"#auditing-and-maintaining-work-instructions\" class=\"uagb-toc-link__trigger\">A munkautas\u00edt\u00e1sok ellen\u0151rz\u00e9se \u00e9s karbantart\u00e1sa<\/a><ul class=\"uagb-toc__list\"><li class=\"uagb-toc__list\"><a href=\"#work-instruction-audit-checklist\" class=\"uagb-toc-link__trigger\">Munkautas\u00edt\u00e1s ellen\u0151rz\u00e9si ellen\u0151rz\u0151lista<\/a><\/li><\/ul><\/li><\/ul><\/li><\/ul><\/li><\/ul><\/li><\/ul><\/li><\/ul><\/li><\/ul><\/li><\/ul><\/li><\/ul><\/li><\/ul><\/li><\/ul><\/li><\/ul><\/li><\/ul><\/li><li class=\"uagb-toc__list\"><a href=\"#conclusion\" class=\"uagb-toc-link__trigger\">K\u00f6vetkeztet\u00e9s<\/a><li class=\"uagb-toc__list\"><a href=\"#glossary\" class=\"uagb-toc-link__trigger\">Fogalomt\u00e1r<\/a><\/ul><\/ul><\/ul><\/ul><\/ul><\/ul><\/ul><\/ul><\/ul><\/ul><\/ul><\/ul><\/ul><\/ol>\t\t\t\t\t<\/div>\n\t\t\t\t\t\t\t\t\t<\/div>\n\t\t\t\t<\/div>\n\t\t\t\n\n\n<hr class=\"wp-block-separator has-alpha-channel-opacity is-style-dots\" style=\"margin-top:var(--wp--preset--spacing--40);margin-bottom:var(--wp--preset--spacing--40)\"\/>\n\n\n\n<h2 class=\"wp-block-heading\" id=\"foundations-of-work-instructions\"><strong>A munkautas\u00edt\u00e1sok alapjai<\/strong><\/h2>\n\n\n\n<h3 class=\"wp-block-heading\" id=\"what-are-work-instructions\"><strong>Mik azok a munkautas\u00edt\u00e1sok?<\/strong><\/h3>\n\n\n\n<p>A munkautas\u00edt\u00e1sok olyan l\u00e9p\u00e9sr\u0151l l\u00e9p\u00e9sre t\u00f6rt\u00e9n\u0151 utas\u00edt\u00e1sok, amelyek pontosan elmagyar\u00e1zz\u00e1k, hogyan kell elv\u00e9gezni egy adott feladatot a m\u0171helyben. Ezeknek az utas\u00edt\u00e1soknak a c\u00e9lja a z\u0171rzavar cs\u00f6kkent\u00e9se, a pontoss\u00e1g jav\u00edt\u00e1sa \u00e9s a k\u00f6vetkezetess\u00e9g fenntart\u00e1sa m\u0171szakonk\u00e9nt vagy telephelyenk\u00e9nt. \u00c1ltal\u00e1ban vizu\u00e1lis seg\u00e9danyagokat tartalmaznak, p\u00e9ld\u00e1ul \u00e1br\u00e1kat, f\u00e9nyk\u00e9peket, vagy ak\u00e1r vide\u00f3t \u00e9s kiterjesztett val\u00f3s\u00e1got is. Ha hat\u00e9konyan alkalmazz\u00e1k \u0151ket, napi hivatkoz\u00e1si pontt\u00e1 \u00e9s a munkav\u00e1llal\u00f3k k\u00e9pz\u00e9s\u00e9nek gerinc\u00e9v\u00e9 v\u00e1lnak.<\/p>\n\n\n\n<p>Ezek \u00f6sszetetts\u00e9ge v\u00e1ltoz\u00f3 lehet. Egyesek lehetnek egyszer\u0171 ellen\u0151rz\u0151 list\u00e1k rutinfeladatokra, m\u00edg m\u00e1sok t\u00f6bb \u00e1gat \u00e9s felt\u00e9telt tartalmazhatnak, k\u00fcl\u00f6n\u00f6sen olyan ipar\u00e1gakban, ahol az elj\u00e1r\u00e1sok k\u00f6rnyezeti v\u00e1ltoz\u00f3kt\u00f3l vagy a g\u00e9p \u00e1llapot\u00e1t\u00f3l f\u00fcggenek.<\/p>\n\n\n\n<h3 class=\"wp-block-heading\" id=\"work-instructions-vs-sops\"><strong>Munkautas\u00edt\u00e1sok vs. SOP-k<\/strong><\/h3>\n\n\n\n<p>Fontos meg\u00e9rteni, hogy a munkautas\u00edt\u00e1sok miben k\u00fcl\u00f6nb\u00f6znek a szabv\u00e1nyos m\u0171k\u00f6d\u00e9si elj\u00e1r\u00e1sokt\u00f3l (SOP). Az SOP-k \u00e1ltal\u00e1nos folyamatokat v\u00e1zolnak fel, \u00e1ltal\u00e1ban magasabb szint\u0171 szervezeti szempontb\u00f3l. Le\u00edrj\u00e1k, hogy mit \u00e9s mi\u00e9rt kell tenni. A munkautas\u00edt\u00e1sok arra \u00f6sszpontos\u00edtanak, hogy hogyan kell csin\u00e1lni.<\/p>\n\n\n\n<p><strong>R\u00f6viden:<\/strong><\/p>\n\n\n\n<ul class=\"wp-block-list\">\n<li>SOP = folyamatszint\u0171 \u00fatmutat\u00e1s<\/li>\n\n\n\n<li>Munkautas\u00edt\u00e1s = Feladatszint\u0171 utas\u00edt\u00e1s<\/li>\n<\/ul>\n\n\n\n<p>Egy SOP le\u00edrhatja egy alkatr\u00e9sz \u00f6sszeszerel\u00e9s\u00e9nek folyamat\u00e1t, m\u00edg a munkautas\u00edt\u00e1s a vezet\u00e9kez\u00e9s pontos sorrendj\u00e9t magyar\u00e1zza el. M\u00edg az SOP-ok gyakran a bels\u0151 ir\u00e1nyelvek vagy a min\u0151s\u00e9g\u00fcgyi k\u00e9zik\u00f6nyvek r\u00e9sz\u00e9t k\u00e9pezik, a munkautas\u00edt\u00e1sok a kivitelez\u00e9s hely\u00e9hez vannak a legk\u00f6zelebb.<\/p>\n\n\n\n<h3 class=\"wp-block-heading\" id=\"role-in-quality-and-compliance\"><strong>Szerep a min\u0151s\u00e9gben \u00e9s a megfelel\u0151s\u00e9gben<\/strong><\/h3>\n\n\n\n<p>A munkautas\u00edt\u00e1sok kritikus szerepet j\u00e1tszanak az olyan min\u0151s\u00e9g\u00fcgyi rendszerekben, mint az ISO 9001, az IATF 16949 \u00e9s m\u00e1s szab\u00e1lyoz\u00e1si keretek. Ezek alkotj\u00e1k a v\u00e9grehajt\u00e1si r\u00e9teget, \u00e9s biztos\u00edtj\u00e1k, hogy a folyamatokat minden alkalommal helyesen hajts\u00e1k v\u00e9gre. N\u00e9lk\u00fcl\u00fck a szervezetek a k\u00f6vetkezetlens\u00e9get, a rossz min\u0151s\u00e9get \u00e9s a megfelel\u0151s\u00e9g megs\u00e9rt\u00e9s\u00e9t kock\u00e1ztatj\u00e1k.<\/p>\n\n\n\n<p>A hat\u00e9kony munkautas\u00edt\u00e1sok cs\u00f6kkentik a termel\u00e9si eredm\u00e9nyek v\u00e1ltoz\u00e9konys\u00e1g\u00e1t, \u00e9s t\u00e1mogatj\u00e1k az auditokat az\u00e1ltal, hogy nyomon k\u00f6vethet\u0151, naprak\u00e9sz dokument\u00e1ci\u00f3t ny\u00fajtanak az egyes feladatok elv\u00e9gz\u00e9s\u00e9nek m\u00f3dj\u00e1r\u00f3l. Az olyan ipar\u00e1gakban, mint az orvostechnikai eszk\u00f6z\u00f6k, az aut\u00f3ipar \u00e9s a rep\u00fcl\u0151g\u00e9pipar, ez nem csup\u00e1n a legjobb gyakorlat, hanem elengedhetetlen.<\/p>\n\n\n\n<h3 class=\"wp-block-heading\" id=\"documentation-hierarchy\"><strong>Dokument\u00e1ci\u00f3s hierarchia<\/strong><\/h3>\n\n\n\n<p>A vil\u00e1gos dokument\u00e1ci\u00f3s strukt\u00fara seg\u00edt fenntartani a rendet \u00e9s a nyomon k\u00f6vethet\u0151s\u00e9get. A dokument\u00e1ci\u00f3 minden egyes r\u00e9tege egyedi c\u00e9lt szolg\u00e1l a gy\u00e1rt\u00e1si min\u0151s\u00e9gbiztos\u00edt\u00e1si rendszeren bel\u00fcl:<\/p>\n\n\n\n<ul class=\"wp-block-list\">\n<li><strong>V\u00e1llalati politik\u00e1k<\/strong>: Ezek a v\u00e1llalat vezet\u00e9se \u00e1ltal meghat\u00e1rozott magas szint\u0171 vez\u00e9relvek. K\u00f6rvonalazz\u00e1k a szervezet k\u00fcldet\u00e9s\u00e9t, \u00e9rt\u00e9keit \u00e9s az \u00e1tfog\u00f3 szab\u00e1lyokat, amelyek minden r\u00e9szlegre vonatkoznak. Egy v\u00e1llalati ir\u00e1nyelv p\u00e9ld\u00e1ul kimondhatja, hogy minden gy\u00e1rt\u00e1si folyamatnak meg kell felelnie az ISO 9001 szabv\u00e1nynak.<\/li>\n\n\n\n<li><strong>Szabv\u00e1nyos m\u0171k\u00f6d\u00e9si elj\u00e1r\u00e1sok (SOP)<\/strong>: A SOP-ok le\u00edrj\u00e1k a folyamatszint\u0171 munkafolyamatokat \u00e9s felel\u0151ss\u00e9gi k\u00f6r\u00f6ket. Ezek hidat k\u00e9peznek a magas szint\u0171 ir\u00e1nyelvek \u00e9s a feladatok v\u00e9grehajt\u00e1sa k\u00f6z\u00f6tt. Egy SOP p\u00e9ld\u00e1ul meghat\u00e1rozhatja egy min\u0151s\u00e9gellen\u0151rz\u00e9s elv\u00e9gz\u00e9s\u00e9nek folyamat\u00e1t, meghat\u00e1rozva, hogy ki a felel\u0151s \u00e9s milyen sorrendben kell elv\u00e9gezni a feladatokat.<\/li>\n\n\n\n<li><strong>Munkautas\u00edt\u00e1sok<\/strong>: Ezek pontos, feladatspecifikus \u00fatmutat\u00e1st ny\u00fajtanak. Ezek a gyakorlati utas\u00edt\u00e1sok, amelyeket az oper\u00e1torok vagy technikusok haszn\u00e1lnak a m\u0171helyben. Egy munkautas\u00edt\u00e1s p\u00e9ld\u00e1ul l\u00e9p\u00e9sr\u0151l l\u00e9p\u00e9sre, illusztr\u00e1ci\u00f3kkal illusztr\u00e1lva elmagyar\u00e1zhatja, hogyan kell egy adott g\u00e9pet kalibr\u00e1lni vagy egy adott alkatr\u00e9szt \u00f6sszeszerelni.<\/li>\n\n\n\n<li><strong>Ellen\u0151rz\u0151 list\u00e1k \u00e9s \u0171rlapok<\/strong>: Ezek a feladatok elv\u00e9gz\u00e9s\u00e9nek \u00e9s ellen\u0151rz\u00e9s\u00e9nek biztos\u00edt\u00e1s\u00e1ra szolg\u00e1l\u00f3 eszk\u00f6z\u00f6k. T\u00e1mogatj\u00e1k a nyomon k\u00f6vethet\u0151s\u00e9get, az elsz\u00e1moltathat\u00f3s\u00e1got \u00e9s az adatr\u00f6gz\u00edt\u00e9st. P\u00e9ld\u00e1ul egy ellen\u0151rz\u0151 lista tartalmazhatja egy k\u00e9szterm\u00e9k ellen\u0151rz\u00e9si pontjait, m\u00edg egy \u0171rlapot a karbantart\u00e1si napl\u00f3k vagy a k\u00e9pz\u00e9s elv\u00e9gz\u00e9s\u00e9nek dokument\u00e1l\u00e1s\u00e1ra lehet haszn\u00e1lni.<\/li>\n<\/ul>\n\n\n\n<p>Ez a t\u00f6bbszint\u0171 dokument\u00e1ci\u00f3s megk\u00f6zel\u00edt\u00e9s biztos\u00edtja, hogy a v\u00e1llalati sz\u00e1nd\u00e9k \u00e9s a szab\u00e1lyoz\u00e1si k\u00f6vetelm\u00e9nyek hat\u00e9konyan \u00e1t\u00fcltethet\u0151k legyenek napi szint\u0171 cselekv\u00e9ss\u00e9 \u00e9s ellen\u0151rizhet\u0151 eredm\u00e9nyekk\u00e9 a gy\u00e1rt\u00f3\u00fczemben.<\/p>\n\n\n\n<h2 class=\"wp-block-heading\" id=\"implementation-across-the-employee-lifecycle\"><strong>V\u00e9grehajt\u00e1s az alkalmazottak \u00e9letciklusa sor\u00e1n<\/strong><\/h2>\n\n\n\n<div class=\"wp-block-uagb-image uagb-block-44b1cbe7 wp-block-uagb-image--layout-default wp-block-uagb-image--effect-zoomin wp-block-uagb-image--align-none\"><figure class=\"wp-block-uagb-image__figure\"><img decoding=\"async\" data-srcset=\"https:\/\/rewo.io\/wp-content\/uploads\/2025\/06\/WIA2-1024x559.jpg ,https:\/\/rewo.io\/wp-content\/uploads\/2025\/06\/WIA2.jpg 780w, https:\/\/rewo.io\/wp-content\/uploads\/2025\/06\/WIA2.jpg 360w\" data-sizes=\"auto, (max-width: 480px) 150px\" data-src=\"https:\/\/rewo.io\/wp-content\/uploads\/2025\/06\/WIA2-1024x559.jpg\" alt=\"\" class=\"uag-image-14363 lazyload\" width=\"1600\" height=\"873\" title=\"WIA2\" role=\"img\" src=\"data:image\/svg+xml;base64,PHN2ZyB3aWR0aD0iMSIgaGVpZ2h0PSIxIiB4bWxucz0iaHR0cDovL3d3dy53My5vcmcvMjAwMC9zdmciPjwvc3ZnPg==\" style=\"--smush-placeholder-width: 1600px; --smush-placeholder-aspect-ratio: 1600\/873;\" \/><\/figure><\/div>\n\n\n\n<h3 class=\"wp-block-heading\" id=\"onboarding-and-training\"><strong>Be\u00e9p\u00edt\u00e9s \u00e9s k\u00e9pz\u00e9s<\/strong><\/h3>\n\n\n\n<p>Az \u00fajonnan felvett munkat\u00e1rsak gyakran meredek tanul\u00e1si g\u00f6rb\u00e9kkel szembes\u00fclnek, k\u00fcl\u00f6n\u00f6sen a gyors \u00fctem\u0171, nagy v\u00e1ltoz\u00e9konys\u00e1g\u00fa gy\u00e1rt\u00e1si k\u00f6rnyezetben. A munkautas\u00edt\u00e1sok - k\u00fcl\u00f6n\u00f6sen a vide\u00f3alap\u00fa vagy interakt\u00edvak - l\u00e9tfontoss\u00e1g\u00fa szerepet j\u00e1tszanak abban, hogy a beszoktat\u00e1s kev\u00e9sb\u00e9 legyen ijeszt\u0151 \u00e9s hat\u00e9konyabb.<\/p>\n\n\n\n<p><strong>Hogyan haszn\u00e1lj\u00e1k \u0151ket:<\/strong><\/p>\n\n\n\n<ul class=\"wp-block-list\">\n<li><strong>K\u00e9pz\u00e9si modulok:<\/strong> A munkautas\u00edt\u00e1sok struktur\u00e1lt tanul\u00e1si \u00fatvonalakba \u00e1gyaz\u00f3dnak (pl, <a href=\"https:\/\/rewo.io\/hu\/\">REWO tanfolyamok<\/a>) a kv\u00edzek \u00e9s \u00e9rt\u00e9kel\u00e9sek mellett.<\/li>\n\n\n\n<li><strong>\u00d6nvezet\u0151 gyakorlat:<\/strong> A gyakornokok l\u00e9p\u00e9sr\u0151l-l\u00e9p\u00e9sre, tableteken kereszt\u00fcl jutnak hozz\u00e1 a feladatok szimul\u00e1l\u00e1s\u00e1hoz vagy gyakorl\u00e1s\u00e1hoz ellen\u0151rz\u00f6tt k\u00f6rnyezetben.<\/li>\n\n\n\n<li><strong>Vegyes oktat\u00e1s:<\/strong> Az oktat\u00f3k a munkautas\u00edt\u00e1sokat kieg\u00e9sz\u00edt\u0151 anyagk\u00e9nt haszn\u00e1lj\u00e1k a tantermi foglalkoz\u00e1sok vagy a gyakorlati bej\u00e1r\u00e1sok sor\u00e1n.<\/li>\n<\/ul>\n\n\n\n<p><strong>Val\u00f3di p\u00e9lda:<\/strong> A Scanreco-n\u00e1l videoutas\u00edt\u00e1sokat haszn\u00e1ltak, hogy az \u00faj alkalmazottak gyorsan meg\u00e9rts\u00e9k mind az \u00f6sszeszerel\u00e9ssel, mind az ERP-vel kapcsolatos munkafolyamatokat, cs\u00f6kkentve ezzel az \u00e1rny\u00e9kol\u00e1s sz\u00fcks\u00e9gess\u00e9g\u00e9t \u00e9s felgyors\u00edtva a termel\u00e9kenys\u00e9get.<\/p>\n\n\n\n<p><strong>Amikor sz\u00f3l\u00f3ban haszn\u00e1lj\u00e1k \u0151ket:<\/strong><\/p>\n\n\n\n<ul class=\"wp-block-list\">\n<li>El\u0151zetes besz\u00e1ll\u00e1shoz (az alapvet\u0151 feladatok t\u00e1voli \u00e1ttekint\u00e9se)<\/li>\n\n\n\n<li>Felfriss\u00edt\u0151 eszk\u00f6zk\u00e9nt a tantermi foglalkoz\u00e1sok ut\u00e1n<\/li>\n\n\n\n<li>Alapvet\u0151 vizu\u00e1lis ismerked\u00e9s a gy\u00e1rt\u00e1sba l\u00e9p\u00e9s el\u0151tt<\/li>\n<\/ul>\n\n\n\n<h3 class=\"wp-block-heading\" id=\"daily-operations-and-support\"><strong>Napi m\u0171k\u00f6d\u00e9s \u00e9s t\u00e1mogat\u00e1s<\/strong><\/h3>\n\n\n\n<p>A mindennapi munk\u00e1ban az utas\u00edt\u00e1sok nem csak tartal\u00e9kk\u00e9nt szolg\u00e1lnak - hanem els\u0151 vonalbeli eszk\u00f6z\u00f6k.<\/p>\n\n\n\n<p><strong>Hogyan haszn\u00e1lj\u00e1k \u0151ket:<\/strong><\/p>\n\n\n\n<ul class=\"wp-block-list\">\n<li><strong>Be\u00e1gyazva a munka\u00e1llom\u00e1sokon:<\/strong> A t\u00e1blag\u00e9pek vagy monitorok val\u00f3s id\u0151ben jelen\u00edtik meg az utas\u00edt\u00e1sokat. A munk\u00e1sok minden egyes l\u00e9p\u00e9st k\u00f6vetnek a gy\u00e1rt\u00e1s sor\u00e1n.<\/li>\n\n\n\n<li><strong>Trigger-alap\u00fa hozz\u00e1f\u00e9r\u00e9s:<\/strong> A g\u00e9pkezel\u0151k a g\u00e9peken vagy alkatr\u00e9szeken tal\u00e1lhat\u00f3 QR-k\u00f3dokat beolvass\u00e1k, hogy a feladatspecifikus utas\u00edt\u00e1sokat el\u0151h\u00edvj\u00e1k.<\/li>\n\n\n\n<li><strong>Hiba helyre\u00e1ll\u00edt\u00e1sa:<\/strong> Ha hib\u00e1k vagy rendelleness\u00e9gek fordulnak el\u0151, a munkautas\u00edt\u00e1sok seg\u00edts\u00e9g\u00e9vel visszakereshet\u0151k a l\u00e9p\u00e9sek vagy a probl\u00e9m\u00e1k megold\u00e1sa.<\/li>\n<\/ul>\n\n\n\n<p><strong>Val\u00f3di p\u00e9lda:<\/strong> A Kolektorn\u00e1l az \u00e9rz\u00e9kel\u0151k kalibr\u00e1l\u00e1s\u00e1t v\u00e9gz\u0151 dolgoz\u00f3k k\u00f6zvetlen\u00fcl a g\u00e9pen videoinstrukci\u00f3kat haszn\u00e1lnak. Ez biztos\u00edtja, hogy m\u00e9g a ritk\u00e1n el\u0151fordul\u00f3 vagy \u00f6sszetett elj\u00e1r\u00e1sokat is els\u0151re helyesen v\u00e9gzik el.<\/p>\n\n\n\n<p><strong>Amikor sz\u00f3l\u00f3ban haszn\u00e1lj\u00e1k \u0151ket:<\/strong><\/p>\n\n\n\n<ul class=\"wp-block-list\">\n<li>Ism\u00e9tl\u0151d\u0151 feladatokhoz a k\u00f6vetkezetess\u00e9g biztos\u00edt\u00e1sa \u00e9rdek\u00e9ben<\/li>\n\n\n\n<li>A rendszer felsz\u00f3l\u00edt\u00e1saira vagy figyelmeztet\u00e9seire v\u00e1laszul<\/li>\n\n\n\n<li>A term\u00e9kv\u00e1ltozatok k\u00f6z\u00f6tti v\u00e1lt\u00e1skor<\/li>\n<\/ul>\n\n\n\n<h3 class=\"wp-block-heading\" id=\"cross-training-offboarding-and-retention\"><strong>Kereszttr\u00e9ning, kik\u00e9pz\u00e9s \u00e9s megtart\u00e1s<\/strong><\/h3>\n\n\n\n<p>A keresztk\u00e9pz\u00e9s jav\u00edtja a munkaer\u0151 rugalmass\u00e1g\u00e1t \u00e9s rugalmass\u00e1g\u00e1t - a j\u00f3l dokument\u00e1lt utas\u00edt\u00e1sok jelentik az alapot.<\/p>\n\n\n\n<p><strong>Hogyan haszn\u00e1lj\u00e1k \u0151ket:<\/strong><\/p>\n\n\n\n<ul class=\"wp-block-list\">\n<li><strong>\u00c1tmeneti szerepek:<\/strong> Az \u00faj feladatokat \u00e1tvev\u0151 dolgoz\u00f3k a gyakorlati, just-in-time tanul\u00e1shoz haszn\u00e1lnak utas\u00edt\u00e1sokat.<\/li>\n\n\n\n<li><strong>A tud\u00e1s r\u00f6gz\u00edt\u00e9se:<\/strong> A t\u00e1voz\u00f3 alkalmazottakat filmre veszik vagy interj\u00fat k\u00e9sz\u00edtenek vel\u00fck, hogy szaktud\u00e1sukat videoutas\u00edt\u00e1ss\u00e1 alak\u00edts\u00e1k.<\/li>\n\n\n\n<li><strong>Tanul\u00f3 k\u00f6nyvt\u00e1rak:<\/strong> A keresztir\u00e1ny\u00fa k\u00e9pz\u00e9si programok kuri\u00f3zumnak sz\u00e1m\u00edt\u00f3 utas\u00edt\u00e1sk\u00e9szleteket tartalmaznak, amelyek lehet\u0151v\u00e9 teszik a munkav\u00e1llal\u00f3k sz\u00e1m\u00e1ra, hogy \u00faj kompetenci\u00e1kat fedezzenek fel vagy teszteljenek.<\/li>\n<\/ul>\n\n\n\n<p><strong>Val\u00f3di p\u00e9lda:<\/strong> Egy csomagol\u00f3\u00fczemben a nyugd\u00edjba vonul\u00f3 kezel\u0151ket a sorv\u00e1lt\u00e1si feladatok bemutat\u00e1s\u00e1val r\u00f6gz\u00edtett\u00e9k. Tud\u00e1sukat kereshet\u0151 vide\u00f3s \u00fatmutat\u00f3kk\u00e1 alak\u00edtott\u00e1k \u00e1t a j\u00f6v\u0151beni munkav\u00e1llal\u00f3k sz\u00e1m\u00e1ra.<\/p>\n\n\n\n<p><strong>Amikor sz\u00f3l\u00f3ban haszn\u00e1lj\u00e1k \u0151ket:<\/strong><\/p>\n\n\n\n<ul class=\"wp-block-list\">\n<li>\u00d6n\u00e1ll\u00f3an ir\u00e1ny\u00edtott tov\u00e1bbk\u00e9pz\u00e9si programokban<\/li>\n\n\n\n<li>A felt\u00f6lt\u00e9s vagy a v\u00e9szhelyzeti szem\u00e9lyzettel val\u00f3 felt\u00f6lt\u00e9s sor\u00e1n<\/li>\n\n\n\n<li>Az \u00e1tmenet dokument\u00e1ci\u00f3j\u00e1nak r\u00e9szek\u00e9nt<\/li>\n<\/ul>\n\n\n\n<h3 class=\"wp-block-heading\" id=\"a-day-in-the-life-operator-at-an-assembly-plant\"><strong>Egy nap az \u00e9letben: Egy \u00f6sszeszerel\u0151 \u00fczem oper\u00e1tora<\/strong><\/h3>\n\n\n\n<p><strong>Ismerd meg Marc\u00f3t, egy aut\u00f3ipari \u00fczem \u00f6sszeszerel\u0151 szalagkezel\u0151j\u00e9t.<\/strong> \u00cdgy alak\u00edtj\u00e1k a munkautas\u00edt\u00e1sok a tipikus napj\u00e1t:<\/p>\n\n\n\n<p><strong>06:30 - M\u0171szakkezd\u00e9s \u00e9s \u00e1tad\u00e1si eligaz\u00edt\u00e1s:<\/strong> Marco bejelentkezik a termin\u00e1lj\u00e1ba a munka\u00e1llom\u00e1s\u00e1n. A napi friss\u00edtett utas\u00edt\u00e1sok automatikusan elindulnak a tableten. A m\u0171szakfel\u00fcgyel\u0151k a reggeli m\u0171szak\u00e1tad\u00e1s sor\u00e1n \u00e1ttekintik a v\u00e1ltoz\u00e1sokat.<\/p>\n\n\n\n<ul class=\"wp-block-list\">\n<li><strong><em>Munkautas\u00edt\u00e1s Szerep:<\/em><\/strong><strong> <\/strong>Kiemeli az \u00faj j\u00e1rm\u0171modellre vonatkoz\u00f3, fel\u00fclvizsg\u00e1lt nyomat\u00e9ki el\u0151\u00edr\u00e1sokat.<\/li>\n<\/ul>\n\n\n\n<p><strong>07:00 - \u00c1llom\u00e1s fel\u00e1ll\u00edt\u00e1sa:<\/strong> Marco beolvas egy QR-k\u00f3dot a munkapadj\u00e1n, hogy el\u0151h\u00edvja a nyomat\u00e9kkulcs \u00e9s a min\u0151s\u00e9gellen\u0151rz\u0151 szersz\u00e1mok be\u00e1ll\u00edt\u00e1si utas\u00edt\u00e1sait.<\/p>\n\n\n\n<ul class=\"wp-block-list\">\n<li><strong><em>El\u0151ny:<\/em><\/strong><strong> <\/strong>Biztos\u00edtja a kalibr\u00e1l\u00e1si l\u00e9p\u00e9sek betart\u00e1s\u00e1t az ISO 9001 nyomon k\u00f6vethet\u0151s\u00e9g fenntart\u00e1sa \u00e9rdek\u00e9ben.<\/li>\n<\/ul>\n\n\n\n<p><strong>07:30 - Els\u0151 \u00f6sszeszerel\u00e9si fut\u00e1s:<\/strong> Marco a m\u0171szerfal vez\u00e9rl\u0151moduljait az \u00e1llom\u00e1sa mellett megjelen\u0151 digit\u00e1lis, l\u00e9p\u00e9sr\u0151l l\u00e9p\u00e9sre k\u00f6vethet\u0151 utas\u00edt\u00e1sok seg\u00edts\u00e9g\u00e9vel szereli \u00f6ssze. Minden egyes alkatr\u00e9szn\u00e9l a k\u00e9perny\u0151re koppintva l\u00e9p a k\u00f6vetkez\u0151 f\u00e1zisra.<\/p>\n\n\n\n<ul class=\"wp-block-list\">\n<li><strong><em>El\u0151ny:<\/em><\/strong><strong> <\/strong>Minimaliz\u00e1lja a hib\u00e1kat az \u00faj buildekn\u00e9l; er\u0151s\u00edti a k\u00f6vetkezetess\u00e9get a csapatok k\u00f6z\u00f6tt.<\/li>\n<\/ul>\n\n\n\n<p><strong>09:45 - Hibajelz\u00e9s \u00e9s helyre\u00e1ll\u00edt\u00e1s:<\/strong> A riaszt\u00e1s potenci\u00e1lis vezet\u00e9kez\u00e9si hib\u00e1t jelez. Marco beolvas egy QR-k\u00f3dot, hogy hozz\u00e1f\u00e9rjen a vez\u00e9rl\u0151modulra jellemz\u0151 hibaelh\u00e1r\u00edt\u00e1si \u00fatmutat\u00f3hoz.<\/p>\n\n\n\n<ul class=\"wp-block-list\">\n<li><strong><em>El\u0151ny:<\/em><\/strong><strong> <\/strong>Gyors megold\u00e1st tesz lehet\u0151v\u00e9 \u00e9s cs\u00f6kkenti az \u00e1ll\u00e1sid\u0151t.<\/li>\n<\/ul>\n\n\n\n<p><strong>12:15 - A m\u0171szak k\u00f6zep\u00e9n keresztedz\u00e9s:<\/strong> Marco egy k\u00f6zeli munka\u00e1llom\u00e1shoz fordul a szelepek \u00f6sszeszerel\u00e9s\u00e9hez. El\u0151h\u00faz egy vizu\u00e1lis \u00fatmutat\u00f3t, \u00e9s \u00e1tn\u00e9zi, mik\u00f6zben egy csoportvezet\u0151 figyeli.<\/p>\n\n\n\n<ul class=\"wp-block-list\">\n<li><strong><em>El\u0151ny:<\/em><\/strong><strong> <\/strong>Lehet\u0151v\u00e9 teszi a rugalmas munkaer\u0151-felv\u00e9telhez sz\u00fcks\u00e9ges just-in-time k\u00e9pz\u00e9st.<\/li>\n<\/ul>\n\n\n\n<p><strong>14:00 - Jav\u00edt\u00e1s javaslata:<\/strong> Marco \u00e9szreveszi, hogy az \u00fatmutat\u00f3 egyik l\u00e9p\u00e9se vil\u00e1gosabb vizu\u00e1lis kontrasztot ig\u00e9nyel. Elk\u00fcldi a visszajelz\u00e9si \u0171rlapot, amely a <a href=\"https:\/\/rewo.io\/hu\/\">REWO<\/a> interf\u00e9sz.<\/p>\n\n\n\n<ul class=\"wp-block-list\">\n<li><strong><em>El\u0151ny:<\/em><\/strong><strong> <\/strong>Folyamatos fejleszt\u00e9sre \u00f6szt\u00f6nzi az \u00fczemeltet\u0151ket.<\/li>\n<\/ul>\n\n\n\n<p><strong>15:30 - A nap v\u00e9gi \u00f6sszefoglal\u00f3:<\/strong> A m\u0171szak v\u00e9gi fel\u00fclvizsg\u00e1lat r\u00e9szek\u00e9nt Marco napl\u00f3zza a feladatok elv\u00e9gz\u00e9s\u00e9t, \u00e9s az egyik \u00fatmutat\u00f3t a szersz\u00e1mok v\u00e1ltoz\u00e1sa miatt esetleges friss\u00edt\u00e9sre jel\u00f6li.<\/p>\n\n\n\n<ul class=\"wp-block-list\">\n<li><strong><em>El\u0151ny:<\/em><\/strong><strong> <\/strong>Megragadja a frontvonalbeli betekint\u00e9st \u00e9s fenntartja az utas\u00edt\u00e1sok pontoss\u00e1g\u00e1t.<\/li>\n<\/ul>\n\n\n\n<p>Marco napjai sor\u00e1n a munkautas\u00edt\u00e1sok vizu\u00e1lis \u00fatmutat\u00f3k\u00e9nt, hibaelh\u00e1r\u00edt\u00e1si referenciak\u00e9nt \u00e9s k\u00e9pz\u00e9si eszk\u00f6zk\u00e9nt jelennek meg. Lehet\u0151v\u00e9 teszik a rugalmass\u00e1got, cs\u00f6kkentik a hib\u00e1k sz\u00e1m\u00e1t, \u00e9s el\u0151seg\u00edtik az \u00fczemeltet\u00e9si, m\u00e9rn\u00f6ki \u00e9s min\u0151s\u00e9g\u00fcgyi csapatok k\u00f6z\u00f6tti egy\u00fcttm\u0171k\u00f6d\u00e9st.<\/p>\n\n\n\n<h2 class=\"wp-block-heading\" id=\"creating-effective-work-instructions\"><strong>Hat\u00e9kony munkautas\u00edt\u00e1sok l\u00e9trehoz\u00e1sa<\/strong><\/h2>\n\n\n\n<div class=\"wp-block-uagb-image uagb-block-ef2aad1a wp-block-uagb-image--layout-default wp-block-uagb-image--effect-zoomin wp-block-uagb-image--align-none\"><figure class=\"wp-block-uagb-image__figure\"><img decoding=\"async\" data-srcset=\"https:\/\/rewo.io\/wp-content\/uploads\/2025\/06\/WIA3-1024x559.jpg ,https:\/\/rewo.io\/wp-content\/uploads\/2025\/06\/WIA3.jpg 780w, https:\/\/rewo.io\/wp-content\/uploads\/2025\/06\/WIA3.jpg 360w\" data-sizes=\"auto, (max-width: 480px) 150px\" data-src=\"https:\/\/rewo.io\/wp-content\/uploads\/2025\/06\/WIA3-1024x559.jpg\" alt=\"\" class=\"uag-image-14365 lazyload\" width=\"1600\" height=\"873\" title=\"WIA3\" role=\"img\" src=\"data:image\/svg+xml;base64,PHN2ZyB3aWR0aD0iMSIgaGVpZ2h0PSIxIiB4bWxucz0iaHR0cDovL3d3dy53My5vcmcvMjAwMC9zdmciPjwvc3ZnPg==\" style=\"--smush-placeholder-width: 1600px; --smush-placeholder-aspect-ratio: 1600\/873;\" \/><\/figure><\/div>\n\n\n\n<h3 class=\"wp-block-heading\" id=\"structure-and-key-elements\"><strong>Szerkezet \u00e9s kulcsfontoss\u00e1g\u00fa elemek<\/strong><\/h3>\n\n\n\n<p>A j\u00f3 munkautas\u00edt\u00e1soknak t\u00f6bb alapvet\u0151 \u00f6sszetev\u0151je van:<\/p>\n\n\n\n<ul class=\"wp-block-list\">\n<li>Egy\u00e9rtelm\u0171 c\u00edm, verzi\u00f3sz\u00e1m \u00e9s szerz\u0151<\/li>\n\n\n\n<li>A feladat c\u00e9lja \u00e9s hat\u00f3k\u00f6re<\/li>\n\n\n\n<li>Sz\u00fcks\u00e9ges szersz\u00e1mok, anyagok vagy biztons\u00e1gi felszerel\u00e9sek<\/li>\n\n\n\n<li>L\u00e9p\u00e9sr\u0151l-l\u00e9p\u00e9sre t\u00f6rt\u00e9n\u0151 cselekv\u00e9sek t\u00e1mogat\u00f3 k\u00e9panyaggal<\/li>\n\n\n\n<li>Biztons\u00e1gi figyelmeztet\u00e9sek \u00e9s min\u0151s\u00e9gellen\u0151rz\u00e9si pontok<\/li>\n<\/ul>\n\n\n\n<p>A tov\u00e1bbi mez\u0151k, amelyek jav\u00edthatj\u00e1k az \u00e1ttekinthet\u0151s\u00e9get, tartalmazz\u00e1k a becs\u00fclt befejez\u00e9si id\u0151t, a hibaelh\u00e1r\u00edt\u00e1si tippeket \u00e9s azt, hogy kihez kell fordulni elt\u00e9r\u00e9s eset\u00e9n.<\/p>\n\n\n\n<h3 class=\"wp-block-heading\" id=\"formats-and-delivery-methods\"><strong>Form\u00e1tumok \u00e9s sz\u00e1ll\u00edt\u00e1si m\u00f3dok<\/strong><\/h3>\n\n\n\n<p>A munkautas\u00edt\u00e1sokat a feladatnak \u00e9s a k\u00f6rnyezetnek megfelel\u0151en k\u00fcl\u00f6nb\u00f6z\u0151 form\u00e1tumokban lehet \u00e1tadni:<\/p>\n\n\n\n<ul class=\"wp-block-list\">\n<li>Nyomtatott dokumentumok komment\u00e1lt f\u00e9nyk\u00e9pekkel<\/li>\n\n\n\n<li>Els\u0151 szem\u00e9lyb\u0151l felvett vide\u00f3 oktat\u00f3vide\u00f3k<\/li>\n\n\n\n<li>Interakt\u00edv \u00fatmutat\u00f3k, amelyekhez t\u00e1blag\u00e9peken vagy intelligens eszk\u00f6z\u00f6k\u00f6n kereszt\u00fcl lehet hozz\u00e1f\u00e9rni<\/li>\n\n\n\n<li>AR-k\u00e9pes utas\u00edt\u00e1sok viselhet\u0151 eszk\u00f6z\u00f6k\u00f6n kereszt\u00fcl<\/li>\n<\/ul>\n\n\n\n<p>A form\u00e1tum kiv\u00e1laszt\u00e1s\u00e1nak igazodnia kell a feladat \u00f6sszetetts\u00e9g\u00e9hez, a munkaer\u0151 soksz\u00edn\u0171s\u00e9g\u00e9hez \u00e9s a helysz\u00ednen rendelkez\u00e9sre \u00e1ll\u00f3 technol\u00f3giai infrastrukt\u00far\u00e1hoz. Sok szervezetn\u00e9l a hibrid megk\u00f6zel\u00edt\u00e9s - a nyomtatott \u00e9s a digit\u00e1lis nyomtat\u00e1s vegy\u00edt\u00e9se - lehet a legpraktikusabb megold\u00e1s.<\/p>\n\n\n\n<h3 class=\"wp-block-heading\" id=\"best-practices-in-content-design\"><strong>Legjobb gyakorlatok a tartalomtervez\u00e9sben<\/strong><\/h3>\n\n\n\n<p>Az utas\u00edt\u00e1sok k\u00e9sz\u00edt\u00e9sekor t\u00f6rekedjen az egy\u00e9rtelm\u0171s\u00e9gre \u00e9s az egyszer\u0171s\u00e9gre. Haszn\u00e1ljon egyszer\u0171, szabv\u00e1nyos\u00edtott nyelvet, \u00e9s ker\u00fclje a szakzsargont, kiv\u00e9ve, ha az a k\u00f6rnyezet\u00e9ben sz\u00e9les k\u00f6rben \u00e9rthet\u0151.<\/p>\n\n\n\n<p><strong>A legjobb gyakorlatok k\u00f6z\u00e9 tartoznak:<\/strong><\/p>\n\n\n\n<ul class=\"wp-block-list\">\n<li>Vizu\u00e1lis megjelen\u00edt\u00e9s minden fontosabb l\u00e9p\u00e9shez<\/li>\n\n\n\n<li>Tervez\u00e9s \u00faj \u00e9s tapasztalt felhaszn\u00e1l\u00f3k sz\u00e1m\u00e1ra egyar\u00e1nt<\/li>\n\n\n\n<li>A tartalom mobilbar\u00e1t \u00e9s nyomtathat\u00f3v\u00e1 t\u00e9tele<\/li>\n\n\n\n<li>Visszajelz\u00e9sre \u00e9s jav\u00edt\u00e1sra val\u00f3 \u00f6szt\u00f6nz\u00e9s be\u00e1gyaz\u00e1sa<\/li>\n<\/ul>\n\n\n\n<p>Haszn\u00e1lja az ipar\u00e1gi szimb\u00f3lumokat, a sz\u00ednk\u00f3dol\u00e1st (alternat\u00edv\u00e1kkal a hozz\u00e1f\u00e9rhet\u0151s\u00e9g \u00e9rdek\u00e9ben), \u00e9s hangs\u00falyozza az elrendez\u00e9s k\u00f6vetkezetess\u00e9g\u00e9t. Az egys\u00e9ges megjelen\u00e9s seg\u00edt a dolgoz\u00f3knak gyorsan felfogni, hogy hol tal\u00e1lj\u00e1k meg, amire sz\u00fcks\u00e9g\u00fck van.<\/p>\n\n\n\n<h2 class=\"wp-block-heading\" id=\"driving-operator-engagement\"><strong>Az \u00fczemeltet\u0151i elk\u00f6telezetts\u00e9g \u00f6szt\u00f6nz\u00e9se<\/strong><\/h2>\n\n\n\n<h3 class=\"wp-block-heading\" id=\"behavioral-strategies\"><strong>Viselked\u00e9si strat\u00e9gi\u00e1k<\/strong><\/h3>\n\n\n\n<p>Ahhoz, hogy a munkautas\u00edt\u00e1sokat k\u00f6vetkezetesen haszn\u00e1lj\u00e1k \u00e9s elfogadj\u00e1k az els\u0151 vonalbeli dolgoz\u00f3k, fontos, hogy a viselked\u00e9spszichol\u00f3gia motiv\u00e1ci\u00f3s alapelveire t\u00e1maszkodjunk. Az utas\u00edt\u00e1sok puszta megad\u00e1sa nem el\u00e9g - a szervezeteknek olyan rendszereket kell kialak\u00edtaniuk, amelyek \u00f6szt\u00f6nzik a megszokott elk\u00f6telezetts\u00e9get \u00e9s a bels\u0151 motiv\u00e1ci\u00f3t.<\/p>\n\n\n\n<p><strong>Gyakorlati viselked\u00e9si strat\u00e9gi\u00e1k:<\/strong><\/p>\n\n\n\n<ul class=\"wp-block-list\">\n<li><strong>Automatikus megjelen\u00edt\u00e9s ind\u00edt\u00e1skor:<\/strong> Konfigur\u00e1lja a rendszereket \u00fagy, hogy a termin\u00e1l bejelentkez\u00e9sekor vagy a g\u00e9p ind\u00edt\u00e1sakor automatikusan megjelenjenek a vonatkoz\u00f3 utas\u00edt\u00e1sok.<\/li>\n\n\n\n<li><strong>Gamification:<\/strong> Vezessen be egy pontalap\u00fa rendszert a teljes\u00edt\u00e9s, a visszajelz\u00e9s vagy a t\u00e1rsak \u00e1ltali tan\u00edt\u00e1s jutalmaz\u00e1s\u00e1ra. Ez mag\u00e1ban foglalhat egy ranglist\u00e1t vagy havi elismer\u00e9st.<\/li>\n\n\n\n<li><strong>T\u00e1rsmentor\u00e1l\u00e1s:<\/strong> Jel\u00f6lj\u00f6n ki tapasztalt \u00fczemeltet\u0151ket oktat\u00e1sbajnokokk\u00e9nt, akik felk\u00e9sz\u00edtik az \u00faj csapattagokat \u00e9s meger\u0151s\u00edtik a haszn\u00e1latot.<\/li>\n\n\n\n<li><strong>Mikro\u00f6szt\u00f6nz\u0151k:<\/strong> Aj\u00e1nljon kisebb jutalmakat (pl. eb\u00e9dutalv\u00e1nyokat, v\u00e1llalati \u00e1rucikkeket) a digit\u00e1lis utas\u00edt\u00e1sokkal val\u00f3 rendszeres interakci\u00f3\u00e9rt.<\/li>\n\n\n\n<li><strong>Oktat\u00e1salap\u00fa ellen\u0151rz\u00e9s:<\/strong> A fel\u00fcgyel\u0151k k\u00e9rdezzenek r\u00e1 az utas\u00edt\u00e1sok haszn\u00e1lat\u00e1ra a napi gemba-s\u00e9t\u00e1k vagy a csapat\u00fcl\u00e9s sor\u00e1n.<\/li>\n<\/ul>\n\n\n\n<h3 class=\"wp-block-heading\" id=\"cultural-integration\"><strong>Kultur\u00e1lis integr\u00e1ci\u00f3<\/strong><\/h3>\n\n\n\n<p>Az \u00f6szt\u00f6nz\u0151k\u00f6n t\u00fal a hossz\u00fa t\u00e1v\u00fa elk\u00f6telezetts\u00e9g att\u00f3l f\u00fcgg, hogy a munkautas\u00edt\u00e1sok haszn\u00e1lata mennyire \u00e9p\u00fcl be a csapat kult\u00far\u00e1j\u00e1ba. E viselked\u00e9s normaliz\u00e1l\u00e1sa tudatos er\u0151fesz\u00edt\u00e9st ig\u00e9nyel.<\/p>\n\n\n\n<p><strong>A kultur\u00e1lis integr\u00e1ci\u00f3 taktik\u00e1i:<\/strong><\/p>\n\n\n\n<ul class=\"wp-block-list\">\n<li><strong>M\u0171szak\u00e1tad\u00e1si ritu\u00e1l\u00e9k:<\/strong> A friss\u00edtett vagy kritikus utas\u00edt\u00e1sok \u00e1ttekint\u00e9se legyen minden m\u0171szakv\u00e1lt\u00e1sr\u00f3l sz\u00f3l\u00f3 besz\u00e9lget\u00e9s r\u00e9sze.<\/li>\n\n\n\n<li><strong>Eszk\u00f6zt\u00e1ri besz\u00e9lget\u00e9sek:<\/strong> Haszn\u00e1lja az eszk\u00f6zt\u00e1ri \u00e9rtekezleteket az utas\u00edt\u00e1sok egy\u00e9rtelm\u0171s\u00e9g\u00e9nek, a v\u00e1ltoztat\u00e1soknak vagy a kezel\u0151i visszajelz\u00e9seknek a megvitat\u00e1s\u00e1ra.<\/li>\n\n\n\n<li><strong>Visszajelz\u00e9s-felismer\u00e9s cs\u0151vezet\u00e9k:<\/strong> Nyilv\u00e1nosan ismerje el az \u00fczemeltet\u0151i visszajelz\u00e9sek alapj\u00e1n v\u00e9grehajtott fejleszt\u00e9seket - az \u00f6tletek SOP-okk\u00e1 vagy fel\u00fclvizsg\u00e1lt \u00fatmutat\u00f3kk\u00e1 alak\u00edt\u00e1sa.<\/li>\n\n\n\n<li><strong>Be\u00e9p\u00edt\u00e9si t\u00f6rt\u00e9netek:<\/strong> A k\u00e9pz\u00e9s sor\u00e1n val\u00f3s p\u00e9ld\u00e1kon kereszt\u00fcl mutassa be, hogy az utas\u00edt\u00e1sok hogyan el\u0151zt\u00e9k meg a hib\u00e1kat vagy jav\u00edtott\u00e1k az eredm\u00e9nyeket.<\/li>\n\n\n\n<li><strong>A kiv\u00e1l\u00f3s\u00e1g nyelve:<\/strong> A munkautas\u00edt\u00e1sokat ne parancsk\u00e9nt, hanem olyan eszk\u00f6zk\u00e9nt kezelje, amelyek lehet\u0151v\u00e9 teszik az elsaj\u00e1t\u00edt\u00e1st, a k\u00f6vetkezetess\u00e9get \u00e9s a munk\u00e1ra val\u00f3 b\u00fcszkes\u00e9get.<\/li>\n<\/ul>\n\n\n\n<h3 class=\"wp-block-heading\" id=\"communication-and-leadership-influence\"><strong>Kommunik\u00e1ci\u00f3 \u00e9s vezet\u0151i befoly\u00e1s<\/strong><\/h3>\n\n\n\n<ul class=\"wp-block-list\">\n<li><strong>Modellalkot\u00e1s a fel\u00fcgyel\u0151k r\u00e9sz\u00e9r\u0151l:<\/strong> A vezet\u0151knek l\u00e1that\u00f3an \u00e9s rendszeresen hivatkozniuk kell az utas\u00edt\u00e1sokra, hogy meger\u0151s\u00edts\u00e9k azok fontoss\u00e1g\u00e1t.<\/li>\n\n\n\n<li><strong>Ny\u00edlt csatorn\u00e1s kommunik\u00e1ci\u00f3:<\/strong> Hozzon l\u00e9tre egy l\u00e1that\u00f3 visszajelz\u00e9si mechanizmust (pl. digit\u00e1lis megjegyz\u00e9sdoboz vagy QR-k\u00f3d, amely egy javaslati \u0171rlaphoz kapcsol\u00f3dik).<\/li>\n\n\n\n<li><strong>Funkci\u00f3kon \u00e1t\u00edvel\u0151 l\u00e1that\u00f3s\u00e1g:<\/strong> Oszt\u00e1lyok k\u00f6z\u00f6tti oktat\u00e1sfriss\u00edt\u00e9sek vagy sikert\u00f6rt\u00e9netek megoszt\u00e1sa a k\u00f6z\u00f6s felel\u0151ss\u00e9gv\u00e1llal\u00e1s el\u0151seg\u00edt\u00e9se \u00e9rdek\u00e9ben.<\/li>\n<\/ul>\n\n\n\n<h3 class=\"wp-block-heading\" id=\"long-term-adoption-and-maturity\"><strong>Hossz\u00fa t\u00e1v\u00fa elfogad\u00e1s \u00e9s \u00e9retts\u00e9g<\/strong><\/h3>\n\n\n\n<ul class=\"wp-block-list\">\n<li><strong>Haszn\u00e1lati analitika:<\/strong> Haszn\u00e1ljon m\u0171szerfalakat az utas\u00edt\u00e1sok el\u00e9r\u00e9s\u00e9nek, befejez\u00e9s\u00e9nek \u00e9s friss\u00edt\u00e9s\u00e9nek nyomon k\u00f6vet\u00e9s\u00e9re. Ossza meg ezeket az adatokat a csapat\u00e9rt\u00e9kel\u00e9sek sor\u00e1n.<\/li>\n\n\n\n<li><strong>Oktat\u00e1si \u00e9letciklus-v\u00e9lem\u00e9nyek:<\/strong> Rendszeresen vizsg\u00e1lja fel\u00fcl nemcsak a tartalmat, hanem az elfogad\u00e1si mutat\u00f3kat \u00e9s az elk\u00f6telezetts\u00e9gi trendeket is.<\/li>\n\n\n\n<li><strong>\u00dczemeltet\u0151 \u00e1ltal vezetett fejleszt\u00e9sek:<\/strong> H\u00edvja fel az \u00fczemeltet\u0151ket az utas\u00edt\u00e1sok t\u00e1rsszerz\u0151inek vagy fel\u00fclvizsg\u00e1lat\u00e1ra, k\u00fcl\u00f6n\u00f6sen a folyamatok megv\u00e1ltoztat\u00e1sa ut\u00e1n.<\/li>\n<\/ul>\n\n\n\n<p>Ha a kezel\u0151k a munkautas\u00edt\u00e1sokat ink\u00e1bb hasznos eszk\u00f6z\u00f6knek tekintik, mint el\u0151\u00edr\u00e1soknak, akkor akt\u00edv r\u00e9sztvev\u0151iv\u00e9 v\u00e1lnak a min\u0151s\u00e9g, a biztons\u00e1g \u00e9s a hat\u00e9konys\u00e1g szempontj\u00e1b\u00f3l. Az elk\u00f6telezetts\u00e9g nem egyszeri bevezet\u00e9s - ez egy folyamatos kultur\u00e1lis gyakorlat, amely a bizalomra, a visszajelz\u00e9sekre \u00e9s a k\u00f6z\u00f6s c\u00e9lokra \u00e9p\u00fcl.<\/p>\n\n\n\n<h2 class=\"wp-block-heading\" id=\"accessibility-and-localization\"><strong>Hozz\u00e1f\u00e9rhet\u0151s\u00e9g \u00e9s lokaliz\u00e1ci\u00f3<\/strong><\/h2>\n\n\n\n<div class=\"wp-block-uagb-image uagb-block-f93ff1c4 wp-block-uagb-image--layout-default wp-block-uagb-image--effect-zoomin wp-block-uagb-image--align-none\"><figure class=\"wp-block-uagb-image__figure\"><img decoding=\"async\" data-srcset=\"https:\/\/rewo.io\/wp-content\/uploads\/2025\/06\/WIA4-1024x559.jpg ,https:\/\/rewo.io\/wp-content\/uploads\/2025\/06\/WIA4.jpg 780w, https:\/\/rewo.io\/wp-content\/uploads\/2025\/06\/WIA4.jpg 360w\" data-sizes=\"auto, (max-width: 480px) 150px\" data-src=\"https:\/\/rewo.io\/wp-content\/uploads\/2025\/06\/WIA4-1024x559.jpg\" alt=\"\" class=\"uag-image-14366 lazyload\" width=\"1600\" height=\"873\" title=\"WIA4\" role=\"img\" src=\"data:image\/svg+xml;base64,PHN2ZyB3aWR0aD0iMSIgaGVpZ2h0PSIxIiB4bWxucz0iaHR0cDovL3d3dy53My5vcmcvMjAwMC9zdmciPjwvc3ZnPg==\" style=\"--smush-placeholder-width: 1600px; --smush-placeholder-aspect-ratio: 1600\/873;\" \/><\/figure><\/div>\n\n\n\n<h3 class=\"wp-block-heading\" id=\"multilingual-and-cultural-considerations\"><strong>T\u00f6bbnyelv\u0171s\u00e9gi \u00e9s kultur\u00e1lis megfontol\u00e1sok<\/strong><\/h3>\n\n\n\n<p>Glob\u00e1lis vagy v\u00e1ltozatos gy\u00e1rt\u00e1si k\u00f6rnyezetben a hat\u00e9kony kommunik\u00e1ci\u00f3 t\u00falmutat az egyszer\u0171 ford\u00edt\u00e1son. A lokaliz\u00e1l\u00e1s mag\u00e1ban foglalja a hangnem, a szimb\u00f3lumok \u00e9s az \u00e1tad\u00e1si form\u00e1tum adapt\u00e1l\u00e1s\u00e1t a k\u00fcl\u00f6nb\u00f6z\u0151 felhaszn\u00e1l\u00f3i csoportok sz\u00e1m\u00e1ra.<\/p>\n\n\n\n<p><strong>Strat\u00e9gi\u00e1k:<\/strong><\/p>\n\n\n\n<ul class=\"wp-block-list\">\n<li><strong>Ipar\u00e1g-specifikus ford\u00edt\u00e1sok:<\/strong> Biztos\u00edtani kell, hogy az utas\u00edt\u00e1sokban haszn\u00e1lt kifejez\u00e9sek minden nyelven \u00f6sszhangban legyenek az \u00fczemi szakzsargonnal.<\/li>\n\n\n\n<li><strong>Kultur\u00e1lis szimb\u00f3lum\u00e9rz\u00e9kenys\u00e9g:<\/strong> Egyes ikonok vagy sz\u00ednjelz\u00e9sek r\u00e9gi\u00f3konk\u00e9nt elt\u00e9r\u0151 jelent\u00e9ssel b\u00edrhatnak.<\/li>\n\n\n\n<li><strong>A sz\u00f6veg\u00e9rt\u00e9s tesztel\u00e9se:<\/strong> Vonja be a t\u00f6bbnyelv\u0171 alkalmazottakat az egy\u00e9rtelm\u0171s\u00e9g \u00e9rv\u00e9nyes\u00edt\u00e9s\u00e9be.<\/li>\n\n\n\n<li><strong>Form\u00e1tum rugalmass\u00e1ga:<\/strong> Ha az olvas\u00e1si k\u00e9szs\u00e9g nem megfelel\u0151, k\u00edn\u00e1ljon video-, k\u00e9pi vagy elbesz\u00e9lt utas\u00edt\u00e1sokat.<\/li>\n<\/ul>\n\n\n\n<p><strong>P\u00e9lda:<\/strong> Egy lengyelorsz\u00e1gi \u00fczemben, ahol vietnami \u00e9s ukr\u00e1n munk\u00e1sok dolgoznak, <a href=\"https:\/\/rewo.io\/hu\/\">REWO<\/a> az utas\u00edt\u00e1sokat nyelvi kapcsol\u00f3k \u00e9s vizu\u00e1lis elemek seg\u00edts\u00e9g\u00e9vel lokaliz\u00e1lt\u00e1k, an\u00e9lk\u00fcl, hogy er\u0151sen t\u00e1maszkodtak volna a sz\u00f6vegre. Ez 40%-tal cs\u00f6kkentette a bevezet\u00e9si id\u0151t.<\/p>\n\n\n\n<h3 class=\"wp-block-heading\" id=\"digital-accessibility-and-inclusion\"><strong>Digit\u00e1lis akad\u00e1lymentes\u00edt\u00e9s \u00e9s befogad\u00e1s<\/strong><\/h3>\n\n\n\n<p>Az utas\u00edt\u00e1soknak figyelembe kell venni\u00fck a k\u00fcl\u00f6nb\u00f6z\u0151 fizikai \u00e9s kognit\u00edv k\u00e9pess\u00e9gekkel rendelkez\u0151 munkav\u00e1llal\u00f3kat.<\/p>\n\n\n\n<p><strong>Legjobb gyakorlatok:<\/strong><\/p>\n\n\n\n<ul class=\"wp-block-list\">\n<li>Haszn\u00e1ljon diszlexiabar\u00e1t bet\u0171t\u00edpusokat \u00e9s nagy kontraszt\u00fa t\u00e9m\u00e1kat.<\/li>\n\n\n\n<li>K\u00e9perny\u0151olvas\u00f3k \u00e9s billenty\u0171zetes navig\u00e1ci\u00f3 t\u00e1mogat\u00e1sa<\/li>\n\n\n\n<li>Hangos narr\u00e1ci\u00f3 \u00e9s feliratoz\u00e1si lehet\u0151s\u00e9gek<\/li>\n\n\n\n<li>Ker\u00fclje a jelent\u00e9s k\u00f6zvet\u00edt\u00e9s\u00e9t puszt\u00e1n a sz\u00edn \u00e1ltal<\/li>\n<\/ul>\n\n\n\n<p><strong>P\u00e9lda:<\/strong> Egy orvostechnikai eszk\u00f6zgy\u00e1r olyan utas\u00edt\u00e1sokkal ell\u00e1tott tableteket szerelt fel, amelyek hangjelz\u00e9seket \u00e9s vizu\u00e1lis l\u00e9p\u00e9seket tartalmaztak az alacsony \u00edrni-olvasni tud\u00f3 vagy vizu\u00e1lis feldolgoz\u00e1si neh\u00e9zs\u00e9gekkel k\u00fczd\u0151 dolgoz\u00f3k sz\u00e1m\u00e1ra. Ez biztos\u00edtotta az ISO 45001 hozz\u00e1f\u00e9rhet\u0151s\u00e9gi elv\u00e1r\u00e1soknak val\u00f3 megfelel\u00e9st.<\/p>\n\n\n\n<h2 class=\"wp-block-heading\" id=\"change-management-and-rollout\"><strong>V\u00e1ltoz\u00e1smenedzsment \u00e9s bevezet\u00e9s<\/strong><\/h2>\n\n\n\n<div class=\"wp-block-uagb-image uagb-block-370b8184 wp-block-uagb-image--layout-default wp-block-uagb-image--effect-zoomin wp-block-uagb-image--align-none\"><figure class=\"wp-block-uagb-image__figure\"><img decoding=\"async\" data-srcset=\"https:\/\/rewo.io\/wp-content\/uploads\/2025\/06\/WIA5-1024x559.jpg ,https:\/\/rewo.io\/wp-content\/uploads\/2025\/06\/WIA5.jpg 780w, https:\/\/rewo.io\/wp-content\/uploads\/2025\/06\/WIA5.jpg 360w\" data-sizes=\"auto, (max-width: 480px) 150px\" data-src=\"https:\/\/rewo.io\/wp-content\/uploads\/2025\/06\/WIA5-1024x559.jpg\" alt=\"\" class=\"uag-image-14367 lazyload\" width=\"1024\" height=\"559\" title=\"WIA5\" role=\"img\" src=\"data:image\/svg+xml;base64,PHN2ZyB3aWR0aD0iMSIgaGVpZ2h0PSIxIiB4bWxucz0iaHR0cDovL3d3dy53My5vcmcvMjAwMC9zdmciPjwvc3ZnPg==\" style=\"--smush-placeholder-width: 1024px; --smush-placeholder-aspect-ratio: 1024\/559;\" \/><\/figure><\/div>\n\n\n\n<h3 class=\"wp-block-heading\" id=\"introducing-instructions-to-the-workforce\"><strong>Az utas\u00edt\u00e1sok bevezet\u00e9se a munkaer\u0151be<\/strong><\/h3>\n\n\n\n<p>Az \u00faj vagy fel\u00fclvizsg\u00e1lt munkautas\u00edt\u00e1sok bevezet\u00e9se egy gy\u00e1rt\u00e1si k\u00f6rnyezetben kih\u00edv\u00e1st jelent a v\u00e1ltoz\u00e1smenedzsment sz\u00e1m\u00e1ra. A siker az egy\u00e9rtelm\u0171 kommunik\u00e1ci\u00f3t\u00f3l, a korai elk\u00f6telezetts\u00e9gt\u0151l \u00e9s a folyamatos meger\u0151s\u00edt\u00e9st\u0151l f\u00fcgg.<\/p>\n\n\n\n<p><strong>Bevezet\u00e9s legjobb gyakorlatai:<\/strong><\/p>\n\n\n\n<ul class=\"wp-block-list\">\n<li><strong>Magyar\u00e1zza meg a \u2018mi\u00e9rt\u2019-et:<\/strong> Kezdje a c\u00e9l felv\u00e1zol\u00e1s\u00e1val - p\u00e9ld\u00e1ul a hib\u00e1k cs\u00f6kkent\u00e9se, a k\u00e9pz\u00e9s jav\u00edt\u00e1sa vagy a megfelel\u00e9si c\u00e9lok el\u00e9r\u00e9se.<\/li>\n\n\n\n<li><strong>Hozzon l\u00e9tre tulajdonjogot:<\/strong> Vonja be az oper\u00e1torokat \u00e9s a csoportvezet\u0151ket a tervezetek fel\u00fclvizsg\u00e1lat\u00e1ba vagy a vide\u00f3k r\u00f6gz\u00edt\u00e9s\u00e9be.<\/li>\n\n\n\n<li><strong>H\u00edd a gyakorlatba:<\/strong> Mutassa be, hogy az utas\u00edt\u00e1sok hogyan kapcsol\u00f3dnak a t\u00e9nyleges feladatokhoz, nem csak elm\u00e9leti folyamatokhoz.<\/li>\n\n\n\n<li><strong>Instruction Champions kijel\u00f6l\u00e9se:<\/strong> Azonos\u00edtsa a mentorokat, akik a v\u00e9grehajt\u00e1s sor\u00e1n ir\u00e1ny\u00edtj\u00e1k \u00e9s modellezik a haszn\u00e1latot.<\/li>\n<\/ul>\n\n\n\n<h3 class=\"wp-block-heading\" id=\"pilot-programs-and-communication-strategy\"><strong>K\u00eds\u00e9rleti programok \u00e9s kommunik\u00e1ci\u00f3s strat\u00e9gia<\/strong><\/h3>\n\n\n\n<p>A k\u00eds\u00e9rleti projektek lehet\u0151v\u00e9 teszik a csapatok sz\u00e1m\u00e1ra, hogy k\u00eds\u00e9rletezzenek, finom\u00edtsanak \u00e9s lend\u00fcletet adjanak a sz\u00e9lesebb k\u00f6r\u0171 bevezet\u00e9shez.<\/p>\n\n\n\n<p><strong>Hogyan futtassunk hat\u00e9kony k\u00eds\u00e9rleti programot:<\/strong><\/p>\n\n\n\n<ul class=\"wp-block-list\">\n<li>V\u00e1lasszon ki egyetlen sort, m\u0171szakot vagy term\u00e9kcsal\u00e1dot.<\/li>\n\n\n\n<li>K\u00f6vesse nyomon az elk\u00f6telezetts\u00e9get a hozz\u00e1f\u00e9r\u00e9si napl\u00f3k, a kezel\u0151i visszajelz\u00e9sek \u00e9s a megfigyelt hibaar\u00e1nyok seg\u00edts\u00e9g\u00e9vel.<\/li>\n\n\n\n<li>Meghat\u00e1rozott id\u0151k\u00f6z\u00f6nk\u00e9nt (pl. m\u0171szak v\u00e9g\u00e9n, hetente) \u00fctemezze be a visszajelz\u0151 \u00fcl\u00e9seket.<\/li>\n\n\n\n<li>A form\u00e1tum, a megjelen\u00edt\u00e9s vagy az \u00e1tad\u00e1s be\u00e1ll\u00edt\u00e1sa a kezel\u0151i input alapj\u00e1n.<\/li>\n<\/ul>\n\n\n\n<p><strong>M\u00e9retn\u00f6vel\u00e9s:<\/strong><\/p>\n\n\n\n<ul class=\"wp-block-list\">\n<li>A k\u00eds\u00e9rleti eredm\u00e9nyek megoszt\u00e1sa a v\u00e1llalaton bel\u00fcl - a sikeress\u00e9gi mutat\u00f3k, besz\u00e1mol\u00f3k \u00e9s a k\u00f6z\u00f6s agg\u00e1lyok ismertet\u00e9se.<\/li>\n\n\n\n<li>Hull\u00e1mokban, vonalakon vagy r\u00e9szlegeken \u00e1t\u00edvel\u0151 bevezet\u00e9s.<\/li>\n\n\n\n<li>A bevezet\u00e9s ut\u00e1ni \u201cfriss\u00edt\u0151 \u00e9rintkez\u00e9si pontok\u201d biztos\u00edt\u00e1sa az elfogad\u00e1s meger\u0151s\u00edt\u00e9se \u00e9rdek\u00e9ben.<\/li>\n<\/ul>\n\n\n\n<p><strong>\u00dczenetk\u00fcld\u00e9si strat\u00e9gia:<\/strong><\/p>\n\n\n\n<ul class=\"wp-block-list\">\n<li>Haszn\u00e1ljon egys\u00e9ges nyelvezetet minden csatorn\u00e1n (\u00e9rtekezletek, plak\u00e1tok, digit\u00e1lis t\u00e1bl\u00e1k).<\/li>\n\n\n\n<li>Az utas\u00edt\u00e1sokat a termel\u00e9kenys\u00e9get el\u0151seg\u00edt\u0151 t\u00e9nyez\u0151k\u00e9nt, nem pedig csak k\u00f6vetelm\u00e9nyk\u00e9nt poz\u00edcion\u00e1lja.<\/li>\n\n\n\n<li>\u00dcnnepelje a csapatfejleszt\u00e9seket \u00e9s az oktat\u00e1s \u00e1ltal vez\u00e9relt sikert\u00f6rt\u00e9neteket.<\/li>\n<\/ul>\n\n\n\n<h3 class=\"wp-block-heading\" id=\"monitoring-feedback-and-continuous-adoption\"><strong>Monitoring, visszajelz\u00e9s \u00e9s folyamatos \u00e1tv\u00e9tel<\/strong><\/h3>\n\n\n\n<p>A bevezet\u00e9s ut\u00e1n a hangs\u00faly a haszn\u00e1lat fenntart\u00e1s\u00e1ra \u00e9s a min\u0151s\u00e9g jav\u00edt\u00e1s\u00e1ra helyez\u0151dik \u00e1t.<\/p>\n\n\n\n<p><strong>Fenntart\u00e1si tev\u00e9kenys\u00e9gek:<\/strong><\/p>\n\n\n\n<ul class=\"wp-block-list\">\n<li>N\u00e9h\u00e1ny havonta v\u00e9gezzen r\u00f6vid \u00fczemeltet\u0151i felm\u00e9r\u00e9seket.<\/li>\n\n\n\n<li>Hozzon l\u00e9tre egy digit\u00e1lis \u201cutas\u00edt\u00e1s-aj\u00e1nl\u00f3dobozt\u201d a szerkeszt\u00e9sekhez vagy \u00faj t\u00e9m\u00e1khoz.<\/li>\n\n\n\n<li>Haszn\u00e1ljon m\u0171szerfalakat a leggyakrabban haszn\u00e1lt vagy alulhaszn\u00e1lt utas\u00edt\u00e1sok kiemel\u00e9s\u00e9re.<\/li>\n<\/ul>\n\n\n\n<p><strong>Menedzser szerep:<\/strong><\/p>\n\n\n\n<ul class=\"wp-block-list\">\n<li>Az utas\u00edt\u00e1sok haszn\u00e1lat\u00e1t \u00e9p\u00edtse be a napi ellen\u0151rz\u00e9sekbe vagy gemba-s\u00e9t\u00e1kba.<\/li>\n\n\n\n<li>Az utas\u00edt\u00e1sok friss\u00edt\u00e9s\u00e9nek megk\u00f6vetel\u00e9se minden m\u00e9rn\u00f6ki v\u00e1ltoztat\u00e1s vagy Kaizen esem\u00e9ny r\u00e9szek\u00e9nt.<\/li>\n<\/ul>\n\n\n\n<p>Ha a munkautas\u00edt\u00e1sokat vil\u00e1gos kommunik\u00e1ci\u00f3val, r\u00e9szv\u00e9tellel \u00e9s visszacsatol\u00e1si hurkokkal hajtj\u00e1k v\u00e9gre, akkor azok \u00e9l\u0151 rendszerr\u00e9 v\u00e1lnak - nem csup\u00e1n dokumentumok, hanem a m\u0171k\u00f6d\u00e9si kiv\u00e1l\u00f3s\u00e1g el\u0151seg\u00edt\u0151i.<\/p>\n\n\n\n<h3 class=\"wp-block-heading\" id=\"overcoming-resistance-to-change\"><strong>A v\u00e1ltoz\u00e1ssal szembeni ellen\u00e1ll\u00e1s lek\u00fczd\u00e9se<\/strong><\/h3>\n\n\n\n<p>Az \u00faj munkautas\u00edt\u00e1sok m\u00e9g a legjobb eszk\u00f6z\u00f6k \u00e9s sz\u00e1nd\u00e9kok ellen\u00e9re is a munkaer\u0151 ellen\u00e1ll\u00e1s\u00e1ba \u00fctk\u00f6zhetnek. Ez az ellen\u00e1ll\u00e1s ritk\u00e1n mag\u00e1val a tartalommal kapcsolatos, hanem gyakran azzal, ahogyan a v\u00e1ltoz\u00e1st \u00e9rz\u00e9kelik.<\/p>\n\n\n\n<p><strong>K\u00f6z\u00f6s akad\u00e1lyok:<\/strong><\/p>\n\n\n\n<ul class=\"wp-block-list\">\n<li><strong>F\u00e9lelem a megfigyel\u00e9st\u0151l:<\/strong> A munkav\u00e1llal\u00f3k \u00fagy \u00e9rezhetik, hogy az utas\u00edt\u00e1sok a mikromenedzsment egy form\u00e1j\u00e1t jelentik.<\/li>\n\n\n\n<li><strong>A forr\u00e1sba vetett bizalom hi\u00e1nya:<\/strong> Ha az utas\u00edt\u00e1sokat tapasztalt kezel\u0151k hozz\u00e1j\u00e1rul\u00e1sa n\u00e9lk\u00fcl k\u00e9sz\u00edtik, akkor a val\u00f3s\u00e1gt\u00f3l elrugaszkodottnak tekinthet\u0151k.<\/li>\n\n\n\n<li><strong>V\u00e1ltoz\u00e1s f\u00e1radts\u00e1g:<\/strong> Olyan k\u00f6rnyezetben, ahol az elj\u00e1r\u00e1sok gyakori friss\u00edt\u00e9s\u00e9vel a munkav\u00e1llal\u00f3k megszok\u00e1sb\u00f3l figyelmen k\u00edv\u00fcl hagyhatj\u00e1k az \u00faj utas\u00edt\u00e1sokat.<\/li>\n<\/ul>\n\n\n\n<p><strong>Strat\u00e9gi\u00e1k az ellen\u00e1ll\u00e1s lek\u00fczd\u00e9s\u00e9re:<\/strong><\/p>\n\n\n\n<ul class=\"wp-block-list\">\n<li><strong>T\u00e1rsalkot\u00e1s:<\/strong> Vonja be az \u00fczemeltet\u0151ket a tartalomfejleszt\u00e9sbe vagy a vide\u00f3k k\u00e9sz\u00edt\u00e9s\u00e9be, hogy n\u00f6velje az \u00e9rdekl\u0151d\u00e9st.<\/li>\n\n\n\n<li><strong>Peer Endorsement:<\/strong> A tisztelt csapattagok mutassanak p\u00e9ld\u00e1t, \u00e9s besz\u00e9ljenek pozit\u00edvan az oktat\u00e1s hat\u00e1s\u00e1r\u00f3l.<\/li>\n\n\n\n<li><strong>A hat\u00e1s l\u00e1that\u00f3s\u00e1ga:<\/strong> Mondjon p\u00e9ld\u00e1kat az oktat\u00e1s haszn\u00e1lat\u00e1hoz kapcsol\u00f3d\u00f3 fejleszt\u00e9sekre (pl. kevesebb hiba, r\u00f6videbb k\u00e9pz\u00e9s).<\/li>\n<\/ul>\n\n\n\n<p><strong>P\u00e9lda:<\/strong> Egy n\u00e9met \u00f6sszeszerel\u0151 \u00fczemben a digit\u00e1lis t\u00e1blag\u00e9pek kezdeti ellen\u00e1ll\u00e1sa elhalv\u00e1nyult, amint egy veter\u00e1n kezel\u0151 a csapat helyi dialektus\u00e1n mutatta be a folyamatot. Ez a kultur\u00e1lis lehorgonyz\u00e1s a narrat\u00edv\u00e1t az \u201cellen\u0151rz\u00e9sr\u0151l\u201d a \u201cfelhatalmaz\u00e1s\u201d ir\u00e1ny\u00e1ba tolta el.\u201d<\/p>\n\n\n\n<h3 class=\"wp-block-heading\" id=\"training-the-trainers\"><strong>Az oktat\u00f3k k\u00e9pz\u00e9se<\/strong><\/h3>\n\n\n\n<p>A fel\u00fcgyel\u0151k \u00e9s a kort\u00e1rs mentorok kritikus szerepet j\u00e1tszanak a sikeres bevezet\u00e9sben. Az \u0151 befoly\u00e1suk hat\u00e1rozza meg, hogy az \u00faj utas\u00edt\u00e1sokat elfogadj\u00e1k-e vagy elutas\u00edtj\u00e1k.<\/p>\n\n\n\n<p><strong>Hogyan k\u00e9sz\u00edts\u00fck el\u0151 az utas\u00edt\u00e1s bajnokokat:<\/strong><\/p>\n\n\n\n<ul class=\"wp-block-list\">\n<li><strong>Mikro-tr\u00e9ningek tart\u00e1sa:<\/strong> Aj\u00e1nljon r\u00f6vid foglalkoz\u00e1sokat az oktat\u00e1s tartalm\u00e1nak, c\u00e9lj\u00e1nak \u00e9s m\u00e1sok ir\u00e1ny\u00edt\u00e1s\u00e1nak \u00e1ttekint\u00e9s\u00e9re.<\/li>\n\n\n\n<li><strong>T\u00e1mogat\u00f3 anyagok biztos\u00edt\u00e1sa:<\/strong> GYIK-lapok vagy nyomtatott ismertet\u0151k biztos\u00edt\u00e1sa, hogy seg\u00edts\u00e9k az oktat\u00f3kat a k\u00e9rd\u00e9sek megv\u00e1laszol\u00e1s\u00e1ban.<\/li>\n\n\n\n<li><strong>Alkalmaz\u00e1si forgat\u00f3k\u00f6nyvek szimul\u00e1l\u00e1sa:<\/strong> Haszn\u00e1ljon sz\u00e1razedz\u00e9seket vagy pr\u00f3bagy\u00e1rt\u00e1si feladatokat, hogy az oktat\u00f3k gyakorolhassanak az eszk\u00f6z\u00f6kkel.<\/li>\n<\/ul>\n\n\n\n<p><strong>Kulcsfontoss\u00e1g\u00fa \u00fczenet:<\/strong> Az oktat\u00f3knak nem csup\u00e1n a megfelel\u00e9s betart\u00e1s\u00e1t kell kik\u00e9nyszer\u00edteni\u00fck, hanem a meg\u00e9rt\u00e9st is el\u0151 kell seg\u00edteni\u00fck, modellezni\u00fck kell a haszn\u00e1latot, \u00e9s meg kell teremteni\u00fck a tud\u00e1smegoszt\u00e1s kult\u00far\u00e1j\u00e1t.<\/p>\n\n\n\n<h3 class=\"wp-block-heading\" id=\"rollout-readiness-checklist\"><strong>A bevezet\u00e9si k\u00e9szenl\u00e9t ellen\u0151rz\u0151 list\u00e1ja<\/strong><\/h3>\n\n\n\n<p>Egy \u00faj utas\u00edt\u00e1si rendszer vagy friss\u00edt\u00e9s elind\u00edt\u00e1sa el\u0151tt haszn\u00e1lja ezt az ellen\u0151rz\u0151 list\u00e1t a z\u00f6kken\u0151mentes bevezet\u00e9s biztos\u00edt\u00e1s\u00e1hoz:<\/p>\n\n\n\n<ul class=\"wp-block-list\">\n<li>\u2705 A kkv-k \u00e9s az \u00fczemeltet\u0151k \u00e1ltal fel\u00fclvizsg\u00e1lt utas\u00edt\u00e1sok tartalma<\/li>\n\n\n\n<li>\u2705 Az eszk\u00f6z\u00f6k (tablett\u00e1k, monitorok, QR-k\u00f3dok) telep\u00edt\u00e9se \u00e9s tesztel\u00e9se.<\/li>\n\n\n\n<li>\u2705 Visszajelz\u0151 eszk\u00f6z\u00f6k \u00e1llnak rendelkez\u00e9sre (pl. digit\u00e1lis \u0171rlap vagy pap\u00edralap\u00fa napl\u00f3)<\/li>\n\n\n\n<li>\u2705 K\u00e9pz\u00e9seket tartottak a bajnokok \u00e9s a fel\u00fcgyel\u0151k sz\u00e1m\u00e1ra.<\/li>\n\n\n\n<li>\u2705 Az utas\u00edt\u00e1sokat \u00e9les munkafolyamatban valid\u00e1lt\u00e1k.<\/li>\n\n\n\n<li>\u2705 A verzi\u00f3kezel\u0151 rendszer akt\u00edv \u00e9s nyomon k\u00f6vethet\u0151<\/li>\n\n\n\n<li>\u2705 Elk\u00e9sz\u00fclt \u00e9s j\u00f3v\u00e1hagy\u00e1sra ker\u00fclt a kommunik\u00e1ci\u00f3s terv<\/li>\n<\/ul>\n\n\n\n<p>Ez az ellen\u0151rz\u0151lista testre szabhat\u00f3 \u00e9s haszn\u00e1lhat\u00f3 az utas\u00edt\u00e1sok kiad\u00e1sa el\u0151tti al\u00e1\u00edr\u00e1si l\u00e9p\u00e9sk\u00e9nt.<\/p>\n\n\n\n<h3 class=\"wp-block-heading\" id=\"change-metrics-and-evaluation-timeline\"><strong>V\u00e1ltoz\u00e1s m\u00e9r\u0151sz\u00e1mok \u00e9s \u00e9rt\u00e9kel\u00e9si \u00fctemterv<\/strong><\/h3>\n\n\n\n<p>A bevezet\u00e9s siker\u00e9nek m\u00e9r\u00e9se seg\u00edt fenntartani a vezet\u0151s\u00e9g t\u00e1mogat\u00e1s\u00e1t \u00e9s felt\u00e1rni a fejlesztend\u0151 ter\u00fcleteket.<\/p>\n\n\n\n<p><strong>Javasolt m\u00e9r\u0151sz\u00e1mok:<\/strong><\/p>\n\n\n\n<ul class=\"wp-block-list\">\n<li><strong>Az utas\u00edt\u00e1shoz val\u00f3 hozz\u00e1f\u00e9r\u00e9s ar\u00e1nya:<\/strong> Milyen gyakran nyitj\u00e1k meg a digit\u00e1lis \u00fatmutat\u00f3kat?<\/li>\n\n\n\n<li><strong>Teljes\u00edt\u00e9si vagy nyugt\u00e1z\u00e1si napl\u00f3k:<\/strong> A felhaszn\u00e1l\u00f3k fel\u00fclvizsg\u00e1lj\u00e1k vagy lejelentkeznek?<\/li>\n\n\n\n<li><strong>K\u00e9pz\u00e9si id\u0151 cs\u00f6kkent\u00e9se:<\/strong> Cs\u00f6kkent a bevezet\u00e9si id\u0151?<\/li>\n\n\n\n<li><strong>Hiba\/hibaar\u00e1ny v\u00e1ltoz\u00e1s:<\/strong> Kevesebb hib\u00e1t jelentenek?<\/li>\n\n\n\n<li><strong>Felhaszn\u00e1l\u00f3i visszajelz\u00e9sek:<\/strong> Az utas\u00edt\u00e1sokat hasznosnak \u00e9s k\u00f6nnyen haszn\u00e1lhat\u00f3nak tartj\u00e1k?<\/li>\n<\/ul>\n\n\n\n<p><strong>\u00c9rt\u00e9kel\u00e9si \u00fctemterv:<\/strong><\/p>\n\n\n\n<ul class=\"wp-block-list\">\n<li><strong>2 h\u00e9t ut\u00e1n:<\/strong> Gy\u0171jtse \u00f6ssze az els\u0151 benyom\u00e1sokat \u00e9s a korai visszajelz\u00e9seket.<\/li>\n\n\n\n<li><strong>30 nap ut\u00e1n:<\/strong> A haszn\u00e1lati adatok fel\u00fclvizsg\u00e1lata, sikert\u00f6rt\u00e9netek gy\u0171jt\u00e9se \u00e9s kisebb friss\u00edt\u00e9sek elv\u00e9gz\u00e9se.<\/li>\n\n\n\n<li><strong>90 nap ut\u00e1n:<\/strong> A teljes\u00edtm\u00e9nyre gyakorolt hat\u00e1s \u00e9rt\u00e9kel\u00e9se \u00e9s a hossz\u00fa t\u00e1v\u00fa elfogad\u00e1si mint\u00e1k azonos\u00edt\u00e1sa.<\/li>\n<\/ul>\n\n\n\n<p>Ezeket a m\u00e9r\u0151sz\u00e1mokat meg kell osztani a csoportos t\u00e1j\u00e9koztat\u00f3kon vagy a vezet\u0151i \u00e9rt\u00e9kel\u00e9seken, hogy bizony\u00edts\u00e1k az \u00e9rt\u00e9ket \u00e9s tov\u00e1bbi fejleszt\u00e9seket ind\u00edtsanak el.<\/p>\n\n\n\n<h2 class=\"wp-block-heading\" id=\"measuring-effectiveness\"><strong>A hat\u00e9konys\u00e1g m\u00e9r\u00e9se<\/strong><\/h2>\n\n\n\n<h3 class=\"wp-block-heading\" id=\"why-measuring-matters\"><strong>Mi\u00e9rt fontos a m\u00e9r\u00e9s<\/strong><\/h3>\n\n\n\n<p>A munkautas\u00edt\u00e1sok csak akkor \u00e9rt\u00e9kesek, ha haszn\u00e1lj\u00e1k \u0151ket \u00e9s hat\u00e9konyak. Annak m\u00e9r\u00e9se, hogy mennyire j\u00f3l t\u00e1mogatj\u00e1k az operat\u00edv c\u00e9lokat, seg\u00edt biztos\u00edtani, hogy pontosak, relev\u00e1nsak \u00e9s megval\u00f3s\u00edthat\u00f3ak maradjanak. Teljes\u00edtm\u00e9nyk\u00f6vet\u00e9s n\u00e9lk\u00fcl az elavult vagy nem egy\u00e9rtelm\u0171 utas\u00edt\u00e1sok \u00e9szrev\u00e9tlen\u00fcl fennmaradhatnak, ami al\u00e1\u00e1ssa a biztons\u00e1got, a min\u0151s\u00e9get \u00e9s a k\u00e9pz\u00e9st.<\/p>\n\n\n\n<p>A m\u00e9r\u0151sz\u00e1mok seg\u00edtenek:<\/p>\n\n\n\n<ul class=\"wp-block-list\">\n<li>Azonos\u00edtani, hogy mely utas\u00edt\u00e1sok m\u0171k\u00f6dnek - \u00e9s melyek nem<\/li>\n\n\n\n<li>A folyamatok jav\u00edt\u00e1s\u00e1nak vagy \u00fajratervez\u00e9s\u00e9nek valid\u00e1l\u00e1sa<\/li>\n\n\n\n<li>A digit\u00e1lis oktat\u00e1si rendszerekbe t\u00f6rt\u00e9n\u0151 tov\u00e1bbi beruh\u00e1z\u00e1sok indokolts\u00e1ga<\/li>\n\n\n\n<li>Csapatok bevon\u00e1sa az adatvez\u00e9relt folyamatos fejleszt\u00e9sbe<\/li>\n<\/ul>\n\n\n\n<h3 class=\"wp-block-heading\" id=\"what-to-measure-and-what-it-tells-you\"><strong>Mit kell m\u00e9rni (\u00e9s mit \u00e1rul el)<\/strong><\/h3>\n\n\n\n<p><strong>1. A feladat befejez\u00e9s\u00e9nek ideje (az utas\u00edt\u00e1sfriss\u00edt\u00e9sek el\u0151tt \u00e9s ut\u00e1n)<\/strong><\/p>\n\n\n\n<ul class=\"wp-block-list\">\n<li>Kider\u00fcl, hogy az utas\u00edt\u00e1sok megk\u00f6nny\u00edtik \u00e9s felgyors\u00edtj\u00e1k-e a folyamatot.<\/li>\n\n\n\n<li>Seg\u00edt felm\u00e9rni a t\u00e9nyleges v\u00e9grehajt\u00e1s egy\u00e9rtelm\u0171s\u00e9g\u00e9t \u00e9s hasznoss\u00e1g\u00e1t.<\/li>\n<\/ul>\n\n\n\n<p><strong>2. First-Pass Yield (FPY)<\/strong><\/p>\n\n\n\n<ul class=\"wp-block-list\">\n<li>Az ut\u00f3munka n\u00e9lk\u00fcl befejezett egys\u00e9gek sz\u00e1zal\u00e9kos ar\u00e1ny\u00e1t jelzi.<\/li>\n\n\n\n<li>A magasabb FPY azt sugallja, hogy az utas\u00edt\u00e1sok minimaliz\u00e1lj\u00e1k a hib\u00e1kat.<\/li>\n<\/ul>\n\n\n\n<p><strong>3. Megmunk\u00e1l\u00e1si \u00e9s selejtez\u00e9si ar\u00e1nyok<\/strong><\/p>\n\n\n\n<ul class=\"wp-block-list\">\n<li>Kiemeli a folyamatok zavaross\u00e1g\u00e1hoz vagy k\u00f6vetkezetlens\u00e9g\u00e9hez k\u00f6zvetlen\u00fcl kapcsol\u00f3d\u00f3 k\u00f6lts\u00e9g- \u00e9s min\u0151s\u00e9gi probl\u00e9m\u00e1kat.<\/li>\n<\/ul>\n\n\n\n<p><strong>4. Utas\u00edt\u00e1s-hozz\u00e1f\u00e9r\u00e9si ar\u00e1ny<\/strong><\/p>\n\n\n\n<ul class=\"wp-block-list\">\n<li>Azt m\u00e9ri, hogy milyen gyakran nyitj\u00e1k meg az utas\u00edt\u00e1sokat a munka\u00e1llom\u00e1son.<\/li>\n\n\n\n<li>Az alacsony hozz\u00e1f\u00e9r\u00e9s jelezheti a bizalom hi\u00e1ny\u00e1t, a gyenge l\u00e1that\u00f3s\u00e1got vagy a jelent\u00e9ktelens\u00e9get.<\/li>\n<\/ul>\n\n\n\n<p><strong>5. Az utas\u00edt\u00e1s haszn\u00e1lat\u00e1nak id\u0151tartama vagy a l\u00e9p\u00e9s befejez\u00e9s\u00e9nek ideje<\/strong><\/p>\n\n\n\n<ul class=\"wp-block-list\">\n<li>Felismeri, hogy a felhaszn\u00e1l\u00f3k hol tartanak sz\u00fcnetet vagy hol k\u00fcszk\u00f6dnek.<\/li>\n\n\n\n<li>Hasznos az \u00f6sszetett feladatok finomhangol\u00e1s\u00e1hoz vagy a temp\u00f3 be\u00e1ll\u00edt\u00e1s\u00e1hoz.<\/li>\n<\/ul>\n\n\n\n<p><strong>6. \u00dczemeltet\u0151i k\u00e9pz\u00e9s\/vizsga pontsz\u00e1mai<\/strong><\/p>\n\n\n\n<ul class=\"wp-block-list\">\n<li>Igazolja a munkautas\u00edt\u00e1sokkal t\u00e1mogatott k\u00e9pz\u00e9sb\u0151l sz\u00e1rmaz\u00f3 ismeretek megtart\u00e1s\u00e1t.<\/li>\n\n\n\n<li>Seg\u00edt az L&amp;D-csapatoknak jav\u00edtani a beilleszked\u00e9s folyamat\u00e1t.<\/li>\n<\/ul>\n\n\n\n<p><strong>7. Visszajelz\u00e9sek mennyis\u00e9ge \u00e9s t\u00e9m\u00e1i<\/strong><\/p>\n\n\n\n<ul class=\"wp-block-list\">\n<li>Azt t\u00fckr\u00f6zi, hogy a munkav\u00e1llal\u00f3k mennyire nyitottak \u00e9s elk\u00f6telezettek.<\/li>\n\n\n\n<li>A javaslatok mint\u00e1i r\u00e1mutathatnak a sz\u00fcks\u00e9ges fejleszt\u00e9sekre.<\/li>\n<\/ul>\n\n\n\n<p><strong>8. A j\u00e1rtass\u00e1gig eltelt id\u0151<\/strong><\/p>\n\n\n\n<ul class=\"wp-block-list\">\n<li>Azt m\u00e9ri, hogy mennyi id\u0151 alatt tud egy \u00faj alkalmazott \u00f6n\u00e1ll\u00f3an elv\u00e9gezni egy feladatot.<\/li>\n\n\n\n<li>K\u00fcl\u00f6n\u00f6sen fontos a nagy forgalm\u00fa ipar\u00e1gakban.<\/li>\n<\/ul>\n\n\n\n<h3 class=\"wp-block-heading\" id=\"how-to-act-on-the-data\"><strong>Hogyan cselekedj\u00fcnk az adatok alapj\u00e1n<\/strong><\/h3>\n\n\n\n<p>Az adatok gy\u0171jt\u00e9se csak az els\u0151 l\u00e9p\u00e9s - a val\u00f3di javul\u00e1s az, hogy hogyan alkalmazz\u00e1k ezeket az adatokat. Az oktat\u00e1si m\u00e9r\u0151sz\u00e1mok alapj\u00e1n t\u00f6rt\u00e9n\u0151 cselekv\u00e9s biztos\u00edtja, hogy a visszacsatol\u00e1si hurkokat bez\u00e1rj\u00e1k, a teljes\u00edtm\u00e9nyn\u00f6veked\u00e9st meger\u0151s\u00edtik, \u00e9s a nem hat\u00e9kony tartalmakkal azonnal foglalkoznak. Ez\u00e1ltal a m\u00e9r\u00e9si folyamat dinamikuss\u00e1, nem pedig passz\u00edvv\u00e1 v\u00e1lik, \u00e9s seg\u00edt be\u00e1gyazni az oktat\u00e1sir\u00e1ny\u00edt\u00e1st a m\u0171k\u00f6d\u00e9si kult\u00far\u00e1ba. Mit kell tennie?<\/p>\n\n\n\n<ul class=\"wp-block-list\">\n<li>A magas hibasz\u00e1zal\u00e9kkal vagy alacsony haszn\u00e1lattal rendelkez\u0151 utas\u00edt\u00e1sok friss\u00edt\u00e9sei priorit\u00e1st \u00e9lveznek.<\/li>\n\n\n\n<li>Ossza meg a fejleszt\u00e9seket \u00e9s a sikeress\u00e9gi mutat\u00f3kat csapatmegbesz\u00e9l\u00e9seken vagy vizu\u00e1lis t\u00e1bl\u00e1kon.<\/li>\n\n\n\n<li>Haszn\u00e1ljon m\u00e9r\u0151sz\u00e1mokat az oktat\u00e1s \u00e9letciklus-ellen\u0151rz\u00e9sek r\u00e9szek\u00e9nt.<\/li>\n\n\n\n<li>Az \u00e1tl\u00e1that\u00f3s\u00e1g jav\u00edt\u00e1sa \u00e9rdek\u00e9ben c\u00edmk\u00e9zze az utas\u00edt\u00e1sokat \u2018utols\u00f3 friss\u00edt\u00e9s\u2019 \u00e9s teljes\u00edtm\u00e9ny-\u00f6sszefoglal\u00f3kkal.<\/li>\n<\/ul>\n\n\n\n<h2 class=\"wp-block-heading\" id=\"continuous-improvement-and-ownership\"><strong>Folyamatos fejleszt\u00e9s \u00e9s felel\u0151ss\u00e9gv\u00e1llal\u00e1s<\/strong><\/h2>\n\n\n\n<h3 class=\"wp-block-heading\" id=\"roles-and-responsibilities\"><strong>Szerepek \u00e9s felel\u0151ss\u00e9gek<\/strong><\/h3>\n\n\n\n<p>A hat\u00e9kony munkautas\u00edt\u00e1sok fenntart\u00e1sa nem egyszem\u00e9lyes feladat, hanem t\u00f6bb szerepk\u00f6r folyamatos egy\u00fcttm\u0171k\u00f6d\u00e9s\u00e9t ig\u00e9nyli:<\/p>\n\n\n\n<ul class=\"wp-block-list\">\n<li><strong>Szak\u00e9rt\u0151k (kkv-k):<\/strong> \u00daj berendez\u00e9sek, elj\u00e1r\u00e1sok vagy anyagok bevezet\u00e9sekor biztos\u00edtja a m\u0171szaki pontoss\u00e1got \u00e9s hiteles\u00edti a tartalmat.<\/li>\n\n\n\n<li><strong>Fel\u00fcgyel\u0151k:<\/strong> Ellen\u0151rizze a haszn\u00e1lhat\u00f3s\u00e1got a helysz\u00ednen, \u00e9s gy\u0151z\u0151dj\u00f6n meg arr\u00f3l, hogy az utas\u00edt\u00e1sok \u00f6sszhangban vannak a jelenlegi realit\u00e1sokkal.<\/li>\n\n\n\n<li><strong>Min\u0151s\u00e9gi csapatok:<\/strong> Ellen\u0151rizze, hogy az utas\u00edt\u00e1sok megfelelnek-e a megfelel\u0151s\u00e9gi k\u00f6vetelm\u00e9nyeknek \u00e9s t\u00e1mogatj\u00e1k-e a nyomon k\u00f6vethet\u0151s\u00e9get.<\/li>\n\n\n\n<li><strong>Tanul\u00e1si \u00e9s fejleszt\u00e9si csapatok:<\/strong> Integr\u00e1lja az utas\u00edt\u00e1sokat a beszoktat\u00e1s, a keresztk\u00e9pz\u00e9s \u00e9s a k\u00e9szs\u00e9gfejleszt\u00e9s kereteibe.<\/li>\n\n\n\n<li><strong>Oper\u00e1torok:<\/strong> V\u00e9gfelhaszn\u00e1l\u00f3k\u00e9nt az \u00fczemeltet\u0151k kritikus szerepet j\u00e1tszanak a nem egy\u00e9rtelm\u0171 vagy elavult l\u00e9p\u00e9sek azonos\u00edt\u00e1s\u00e1ban \u00e9s a jav\u00edt\u00e1sokra tett javaslatokban.<\/li>\n<\/ul>\n\n\n\n<p>Ez a megosztott tulajdonosi modell biztos\u00edtja, hogy az utas\u00edt\u00e1sok pontosak \u00e9s haszn\u00e1lhat\u00f3ak maradjanak, \u00e9s \u00f6sszhangban legyenek mind az operat\u00edv ig\u00e9nyekkel, mind a munkaer\u0151 k\u00e9pess\u00e9geivel.<\/p>\n\n\n\n<h3 class=\"wp-block-heading\" id=\"scheduled-reviews-and-version-control\"><strong>\u00dctemezett fel\u00fclvizsg\u00e1latok \u00e9s verzi\u00f3ellen\u0151rz\u00e9s<\/strong><\/h3>\n\n\n\n<p>A munkautas\u00edt\u00e1soknak a m\u0171veletekkel egy\u00fctt kell fejl\u0151dni\u00fck. Hivatalos fel\u00fclvizsg\u00e1lati folyamat n\u00e9lk\u00fcl a szervezetek azt kock\u00e1ztatj\u00e1k, hogy az elavult tartalom hib\u00e1kat, hat\u00e9konys\u00e1gi hi\u00e1nyoss\u00e1gokat vagy megfelel\u0151s\u00e9gi probl\u00e9m\u00e1kat okoz.<\/p>\n\n\n\n<p><strong>A Cadence aj\u00e1nl\u00e1sok fel\u00fclvizsg\u00e1lata:<\/strong><\/p>\n\n\n\n<ul class=\"wp-block-list\">\n<li><strong>Negyed\u00e9ves fel\u00fclvizsg\u00e1latok<\/strong> nagy hat\u00e1s\u00fa vagy nagy v\u00e1ltoz\u00e9konys\u00e1g\u00fa feladatokhoz<\/li>\n\n\n\n<li><strong>F\u00e9l\u00e9ves fel\u00fclvizsg\u00e1latok<\/strong> stabil, rutinszer\u0171 folyamatokhoz<\/li>\n\n\n\n<li><strong>Azonnali friss\u00edt\u00e9sek<\/strong> m\u00e9rn\u00f6ki v\u00e1ltoztat\u00e1sok, ellen\u0151rz\u00e9si meg\u00e1llap\u00edt\u00e1sok vagy incidensek ut\u00e1n<\/li>\n<\/ul>\n\n\n\n<p><strong>Verzi\u00f3vez\u00e9rl\u00e9s alapjai:<\/strong><\/p>\n\n\n\n<ul class=\"wp-block-list\">\n<li>Tartsa fenn az \u00e1tdolgoz\u00e1sok digit\u00e1lis el\u0151zm\u00e9nyeit, bele\u00e9rtve a d\u00e1tumot, a szerz\u0151t \u00e9s a v\u00e1ltoztat\u00e1s ok\u00e1t.<\/li>\n\n\n\n<li>Az aktu\u00e1lis verzi\u00f3inform\u00e1ci\u00f3 megjelen\u00edt\u00e9se minden utas\u00edt\u00e1son (k\u00fcl\u00f6n\u00f6sen a digit\u00e1lis interf\u00e9szeken).<\/li>\n\n\n\n<li>Biztos\u00edtsa, hogy az \u00fczemeltet\u0151k csak a legfrissebb verzi\u00f3hoz f\u00e9rjenek hozz\u00e1 a felhaszn\u00e1l\u00e1s hely\u00e9n.<\/li>\n<\/ul>\n\n\n\n<p>Az olyan platformok, mint a <a href=\"https:\/\/rewo.io\/hu\/\">REWO<\/a> a verzi\u00f3k\u00f6vet\u00e9s, az enged\u00e9lyek \u00e9s a fel\u00fclvizsg\u00e1lati eml\u00e9keztet\u0151k automatiz\u00e1l\u00e1sa.<\/p>\n\n\n\n<h3 class=\"wp-block-heading\" id=\"integrating-feedback-and-usage-data\"><strong>Visszajelz\u00e9sek \u00e9s haszn\u00e1lati adatok integr\u00e1l\u00e1sa<\/strong><\/h3>\n\n\n\n<p>A folyamatos fejleszt\u00e9s a val\u00f3s input \u00e9s az adatvez\u00e9relt finom\u00edt\u00e1s k\u00f6rforg\u00e1s\u00e1n m\u00falik.<\/p>\n\n\n\n<p><strong>Visszajelz\u00e9sgy\u0171jt\u00e9si m\u00f3dszerek:<\/strong><\/p>\n\n\n\n<ul class=\"wp-block-list\">\n<li>A digit\u00e1lis utas\u00edt\u00e1sok megjegyz\u00e9s rovatai<\/li>\n\n\n\n<li>QR-k\u00f3dok, amelyek a javaslati \u0171rlapok szerkeszt\u00e9s\u00e9re mutatnak<\/li>\n\n\n\n<li>Rendszeres \u201cutas\u00edt\u00e1sauditok\u201d a gemba-s\u00e9t\u00e1k sor\u00e1n<\/li>\n<\/ul>\n\n\n\n<p><strong>Az adatok felhaszn\u00e1l\u00e1sa a finom\u00edt\u00e1shoz:<\/strong><\/p>\n\n\n\n<ul class=\"wp-block-list\">\n<li>Az alacsony felhaszn\u00e1l\u00e1s\u00fa utas\u00edt\u00e1sok irrelevanci\u00e1ra vagy rossz hozz\u00e1f\u00e9rhet\u0151s\u00e9gre utalhatnak.<\/li>\n\n\n\n<li>Egy adott feladathoz k\u00f6t\u00f6tt magas hiba- vagy ut\u00f3munka-ar\u00e1nyok kiv\u00e1lthatj\u00e1k az \u00fatmutat\u00f3 fel\u00fclvizsg\u00e1lat\u00e1t.<\/li>\n\n\n\n<li>Az oper\u00e1tor megjegyz\u00e9sei r\u00e1vil\u00e1g\u00edthatnak arra, hogy a terminol\u00f3gia vagy a vizu\u00e1lis elemek hol okoznak zavart.<\/li>\n<\/ul>\n\n\n\n<p><strong>Elk\u00f6telezetts\u00e9g \u00f6szt\u00f6nz\u00e9se:<\/strong><\/p>\n\n\n\n<ul class=\"wp-block-list\">\n<li>Ismerje el a hasznos fejleszt\u00e9sekhez hozz\u00e1j\u00e1rul\u00f3 alkalmazottakat<\/li>\n\n\n\n<li>A visszajelz\u00e9sek alapj\u00e1n v\u00e9grehajtott v\u00e1ltoztat\u00e1sok \u00e1tl\u00e1that\u00f3s\u00e1ga<\/li>\n\n\n\n<li>Az els\u0151 vonalbeli hozz\u00e1j\u00e1rul\u00e1st tegye a csapat teljes\u00edtm\u00e9ny\u00e9nek \u00e9s a Kaizen-kult\u00far\u00e1nak a r\u00e9sz\u00e9v\u00e9.<\/li>\n<\/ul>\n\n\n\n<p>A k\u00f6z\u00f6s felel\u0151ss\u00e9gv\u00e1llal\u00e1s \u00e9s a folyamatos iter\u00e1ci\u00f3 kult\u00far\u00e1j\u00e1nak kialak\u00edt\u00e1s\u00e1val a munkautas\u00edt\u00e1sok \u00e9l\u0151 eszk\u00f6zz\u00e9 v\u00e1lnak - a napi m\u0171veletekkel \u00f6sszhangban, a frontvonalbeli tapasztalatok \u00e1ltal meger\u0151s\u00edtve \u00e9s a v\u00e1ltoz\u00e1sokkal szemben rugalmasan reag\u00e1lva.<\/p>\n\n\n\n<h2 class=\"wp-block-heading\" id=\"risks-of-poor-implementation\"><strong>A rossz v\u00e9grehajt\u00e1s kock\u00e1zatai<\/strong><\/h2>\n\n\n\n<div class=\"wp-block-uagb-image uagb-block-f13d9fc7 wp-block-uagb-image--layout-default wp-block-uagb-image--effect-zoomin wp-block-uagb-image--align-none\"><figure class=\"wp-block-uagb-image__figure\"><img decoding=\"async\" data-srcset=\"https:\/\/rewo.io\/wp-content\/uploads\/2025\/06\/WIA6-1024x559.jpg ,https:\/\/rewo.io\/wp-content\/uploads\/2025\/06\/WIA6.jpg 780w, https:\/\/rewo.io\/wp-content\/uploads\/2025\/06\/WIA6.jpg 360w\" data-sizes=\"auto, (max-width: 480px) 150px\" data-src=\"https:\/\/rewo.io\/wp-content\/uploads\/2025\/06\/WIA6-1024x559.jpg\" alt=\"\" class=\"uag-image-14368 lazyload\" width=\"1600\" height=\"873\" title=\"WIA6\" role=\"img\" src=\"data:image\/svg+xml;base64,PHN2ZyB3aWR0aD0iMSIgaGVpZ2h0PSIxIiB4bWxucz0iaHR0cDovL3d3dy53My5vcmcvMjAwMC9zdmciPjwvc3ZnPg==\" style=\"--smush-placeholder-width: 1600px; --smush-placeholder-aspect-ratio: 1600\/873;\" \/><\/figure><\/div>\n\n\n\n<h3 class=\"wp-block-heading\" id=\"operational-risks\"><strong>M\u0171k\u00f6d\u00e9si kock\u00e1zatok<\/strong><\/h3>\n\n\n\n<p>Ha a munkautas\u00edt\u00e1sok elavultak, nem egy\u00e9rtelm\u0171ek, hi\u00e1nyosak vagy k\u00f6vetkezetlen\u00fcl haszn\u00e1lj\u00e1k \u0151ket, a frontvonalbeli m\u0171veletek szenvednek. A k\u00f6zvetlen k\u00f6vetkezm\u00e9nyek gyakran m\u00e9rhet\u0151ek - \u00e9s k\u00f6lts\u00e9gesek.<\/p>\n\n\n\n<p><strong>Kulcsfontoss\u00e1g\u00fa kock\u00e1zatok:<\/strong><\/p>\n\n\n\n<ul class=\"wp-block-list\">\n<li><strong>Megn\u00f6vekedett termel\u00e9si hib\u00e1k:<\/strong> A hi\u00e1nyz\u00f3 vagy hom\u00e1lyos l\u00e9p\u00e9sek k\u00f6vetkezetlen feladatv\u00e9gz\u00e9st okoznak, ami selejthez, ut\u00f3munk\u00e1hoz vagy hib\u00e1s term\u00e9kekhez vezet.<\/li>\n\n\n\n<li><strong>Bizonytalan viselked\u00e9s:<\/strong> Ha a biztons\u00e1g szempontj\u00e1b\u00f3l kritikus l\u00e9p\u00e9seket nem hangs\u00falyozz\u00e1k vagy nem k\u00f6vetik, az n\u00f6veli a s\u00e9r\u00fcl\u00e9s vagy a biztons\u00e1gi protokollok be nem tart\u00e1s\u00e1nak kock\u00e1zat\u00e1t.<\/li>\n\n\n\n<li><strong>Nem tervezett \u00e1ll\u00e1sid\u0151:<\/strong> A f\u00e9lre\u00e9rtett be\u00e1ll\u00edt\u00e1si vagy karbantart\u00e1si feladatok k\u00e9sleltethetik a termel\u00e9st, k\u00e1ros\u00edthatj\u00e1k a berendez\u00e9seket, vagy k\u00f6lts\u00e9ges hibaelh\u00e1r\u00edt\u00e1si munkameneteket eredm\u00e9nyezhetnek.<\/li>\n<\/ul>\n\n\n\n<p><strong>P\u00e9lda:<\/strong> Egy sz\u00f3rakoztat\u00f3elektronikai berendez\u00e9s \u00fczemeltet\u0151je kihagyott egy nyomat\u00e9kellen\u0151rz\u00e9st, mert az apr\u00f3 bet\u0171s r\u00e9szekbe volt be\u00e1gyazva. Az eredm\u00e9ny egy t\u00f6meges visszah\u00edv\u00e1s volt, mivel az alkatr\u00e9sz meghib\u00e1sodott a stressztesztek sor\u00e1n.<\/p>\n\n\n\n<h3 class=\"wp-block-heading\" id=\"compliance-and-regulatory-risks\"><strong>Megfelel\u00e9si \u00e9s szab\u00e1lyoz\u00e1si kock\u00e1zatok<\/strong><\/h3>\n\n\n\n<p>A szab\u00e1lyozott ipar\u00e1gakban (pl. orvosi, aut\u00f3ipari, rep\u00fcl\u0151g\u00e9pipar) a rosszul karbantartott munkautas\u00edt\u00e1sok komoly jogi \u00e9s p\u00e9nz\u00fcgyi k\u00f6vetkezm\u00e9nyekkel j\u00e1rhatnak.<\/p>\n\n\n\n<p><strong>Kulcsfontoss\u00e1g\u00fa kock\u00e1zatok:<\/strong><\/p>\n\n\n\n<ul class=\"wp-block-list\">\n<li><strong>Ellen\u0151rz\u00e9si hib\u00e1k:<\/strong> A hi\u00e1nyz\u00f3 vagy elavult dokument\u00e1ci\u00f3 sikertelen bels\u0151 vagy harmadik f\u00e9l \u00e1ltal v\u00e9gzett ellen\u0151rz\u00e9sekhez vezethet.<\/li>\n\n\n\n<li><strong>Tan\u00fas\u00edtv\u00e1nyok elveszt\u00e9se:<\/strong> Az ISO-, FDA-, IATF- vagy GMP-szabv\u00e1nyoknak val\u00f3 meg nem felel\u00e9s vesz\u00e9lyeztetheti a kritikus \u00fczleti tan\u00fas\u00edtv\u00e1nyokat.<\/li>\n\n\n\n<li><strong>Jogi szankci\u00f3k:<\/strong> A szab\u00e1lyoz\u00f3 szervek b\u00edrs\u00e1gokat szabhatnak ki vagy korrekci\u00f3s int\u00e9zked\u00e9seket k\u00e9nyszer\u00edthetnek ki, ha az utas\u00edt\u00e1sok nem felelnek meg a megfelel\u00e9si k\u00f6vetelm\u00e9nyeknek.<\/li>\n<\/ul>\n\n\n\n<p><strong>P\u00e9lda:<\/strong> Egy gy\u00f3gyszergy\u00e1r megbukott egy GMP-ellen\u0151rz\u00e9sen, mert a tiszt\u00edt\u00e1si utas\u00edt\u00e1sok r\u00e9gi v\u00e1ltozatai m\u00e9g mindig hozz\u00e1f\u00e9rhet\u0151ek voltak az \u00fczemben. Ez ideiglenes le\u00e1ll\u00e1shoz \u00e9s h\u00edrn\u00e9vk\u00e1rosod\u00e1shoz vezetett.<\/p>\n\n\n\n<h3 class=\"wp-block-heading\" id=\"cultural-and-organizational-risks\"><strong>Kultur\u00e1lis \u00e9s szervezeti kock\u00e1zatok<\/strong><\/h3>\n\n\n\n<p>A technikai k\u00f6vetkezm\u00e9nyeken t\u00fal a munkautas\u00edt\u00e1sok rossz v\u00e9grehajt\u00e1sa al\u00e1\u00e1ssa a csapatdinamik\u00e1t, gyeng\u00edti az elsz\u00e1moltathat\u00f3s\u00e1got \u00e9s lass\u00edtja a szervezeti tanul\u00e1st.<\/p>\n\n\n\n<p><strong>Kulcsfontoss\u00e1g\u00fa kock\u00e1zatok:<\/strong><\/p>\n\n\n\n<ul class=\"wp-block-list\">\n<li><strong>A bizalom elveszt\u00e9se:<\/strong> Ha az \u00fczemeltet\u0151k \u00fagy \u00e9rzik, hogy az utas\u00edt\u00e1sok irrelev\u00e1nsak vagy f\u00e9lrevezet\u0151ek, akkor inform\u00e1lis megold\u00e1sok vagy t\u00f6rzsi tud\u00e1s alapj\u00e1n kezdenek el dolgozni.<\/li>\n\n\n\n<li><strong>K\u00f6vetkezetlen gyakorlatok:<\/strong> Egyetlen igazs\u00e1gforr\u00e1s n\u00e9lk\u00fcl m\u00e9g az alapvet\u0151 feladatok is t\u00f6bbf\u00e9le (\u00e9s gyakran egym\u00e1snak ellentmond\u00f3) m\u00f3don hajthat\u00f3k v\u00e9gre.<\/li>\n\n\n\n<li><strong>Alacsony elk\u00f6telezetts\u00e9g:<\/strong> Ha az els\u0151 vonalbeli alkalmazottakat nem vonj\u00e1k be az utas\u00edt\u00e1sok friss\u00edt\u00e9s\u00e9be, \u00fagy tekinthetik, hogy azok nem kapcsol\u00f3dnak a val\u00f3s ig\u00e9nyekhez.<\/li>\n\n\n\n<li><strong>Ki\u00e1raml\u00e1s \u00e9s ki\u00e9g\u00e9s:<\/strong> Azok az alkalmazottak, akik \u00fagy \u00e9rzik, hogy nem t\u00e1mogatj\u00e1k \u0151ket, vagy gyakran hib\u00e1ztatj\u00e1k \u0151ket az elker\u00fclhet\u0151 hib\u00e1k\u00e9rt, nagyobb val\u00f3sz\u00edn\u0171s\u00e9ggel hagyj\u00e1k el a v\u00e1llalatot.<\/li>\n\n\n\n<li><strong>Vezet\u0151i kapcsolat megszakad\u00e1sa:<\/strong> A vezet\u0151k a dokument\u00e1ci\u00f3 alapj\u00e1n felt\u00e9telezhetik a megfelel\u0151s\u00e9get, mik\u00f6zben a t\u00e9nyleges \u00fczemi viselked\u00e9s jelent\u0151sen elt\u00e9r.<\/li>\n<\/ul>\n\n\n\n<p><strong>P\u00e9lda:<\/strong> Egy \u00e9lelmiszer-feldolgoz\u00f3 telephelyen az \u00fczemeltet\u0151k a digit\u00e1lis utas\u00edt\u00e1sokat a k\u00e9zzel \u00edrott jegyzetek helyett figyelmen k\u00edv\u00fcl hagyt\u00e1k, mivel a kor\u00e1bbi friss\u00edt\u00e9sek nem foglalkoztak a t\u00e9nyleges vonalviszonyokkal. Ez keresztszennyez\u0151d\u00e9shez \u00e9s jelent\u0151s folyamatelt\u00e9r\u00e9shez vezetett.<\/p>\n\n\n\n<h3 class=\"wp-block-heading\" id=\"organizational-impact-summary\"><strong>Szervezeti hat\u00e1s \u00f6sszefoglal\u00e1sa<\/strong><\/h3>\n\n\n\n<p>A rossz utas\u00edt\u00e1skezel\u00e9s k\u00f6vetkezm\u00e9nyei az eg\u00e9sz szervezetre kihatnak - nem csak a m\u0171k\u00f6d\u00e9si teljes\u00edtm\u00e9nyre, hanem a strat\u00e9giai k\u00e9pess\u00e9gekre is.<\/p>\n\n\n\n<p><strong>K\u00f6zvetlen k\u00f6vetkezm\u00e9nyek:<\/strong><\/p>\n\n\n\n<ul class=\"wp-block-list\">\n<li>P\u00e9nz\u00fcgyi vesztes\u00e9g a hullad\u00e9kb\u00f3l, selejtb\u0151l vagy b\u00fcntet\u00e9sekb\u0151l ad\u00f3d\u00f3an<\/li>\n\n\n\n<li>A figyelmen k\u00edv\u00fcl hagyott vagy f\u00e9lre\u00e9rtett l\u00e9p\u00e9sekb\u0151l ered\u0151 biztons\u00e1gi incidensek<\/li>\n\n\n\n<li>Elmulasztott megel\u0151z\u0151 karbantart\u00e1sb\u00f3l vagy helytelen be\u00e1ll\u00edt\u00e1sb\u00f3l ered\u0151 termel\u00e9si le\u00e1ll\u00e1s<\/li>\n\n\n\n<li>Sikertelen auditok vagy elveszett tan\u00fas\u00edtv\u00e1nyok<\/li>\n<\/ul>\n\n\n\n<p><strong>Hossz\u00fa t\u00e1v\u00fa hat\u00e1sok:<\/strong><\/p>\n\n\n\n<ul class=\"wp-block-list\">\n<li>Cs\u00f6kkent munkamor\u00e1l \u00e9s munkaer\u0151-megtart\u00e1s<\/li>\n\n\n\n<li>Megn\u00f6vekedett beilleszked\u00e9si id\u0151 \u00e9s k\u00e9pz\u00e9si k\u00f6lts\u00e9gek<\/li>\n\n\n\n<li>Versenyel\u0151ny elveszt\u00e9se a folyamatok k\u00f6vetkezetlen v\u00e9grehajt\u00e1sa miatt<\/li>\n\n\n\n<li>A term\u00e9k- vagy megfelel\u00e9si hib\u00e1kb\u00f3l ered\u0151 h\u00edrn\u00e9vk\u00e1rosod\u00e1snak val\u00f3 nagyobb kitetts\u00e9g<\/li>\n<\/ul>\n\n\n\n<p>V\u00e9gs\u0151 soron a rossz utas\u00edt\u00e1s-ellen\u0151rz\u00e9s mindent al\u00e1\u00e1s a Lean-kezdem\u00e9nyez\u00e9sekt\u0151l az \u00fcgyf\u00e9l-el\u00e9gedetts\u00e9gig. Ez nem csak egy elj\u00e1r\u00e1si gyenges\u00e9g - ez egy \u00fczleti kock\u00e1zat.<\/p>\n\n\n\n<h3 class=\"wp-block-heading\" id=\"what-good-looks-like\"><strong>Milyen a j\u00f3<\/strong><\/h3>\n\n\n\n<p>Miel\u0151tt belemer\u00fcln\u00e9nk a kock\u00e1zatmegel\u0151z\u00e9sbe, hasznos elk\u00e9pzelni, hogyan n\u00e9z ki az er\u0151s oktat\u00e1s v\u00e9grehajt\u00e1sa. A j\u00f3l teljes\u00edt\u0151 szervezetek bizony\u00edtj\u00e1k:<\/p>\n\n\n\n<ul class=\"wp-block-list\">\n<li><strong>Utas\u00edt\u00e1sok a napi munkafolyamat r\u00e9szek\u00e9nt<\/strong> (nem csak auditok vagy k\u00e9pz\u00e9sek)<\/li>\n\n\n\n<li><strong>Magas szint\u0171 haszn\u00e1lat \u00e9s visszajelz\u00e9sek<\/strong> az els\u0151 vonalbeli szem\u00e9lyzet \u00e1ltal<\/li>\n\n\n\n<li><strong>A val\u00f3s\u00e1ghoz igaz\u00edtott tartalom<\/strong>-a munkav\u00e9gz\u00e9s t\u00e9nyleges m\u00f3dj\u00e1nak megfelel\u0151 utas\u00edt\u00e1sok<\/li>\n\n\n\n<li><strong>Egy\u00e9rtelm\u0171 felel\u0151ss\u00e9gv\u00e1llal\u00e1s \u00e9s elsz\u00e1moltathat\u00f3s\u00e1g<\/strong> friss\u00edt\u00e9sek\u00e9rt<\/li>\n\n\n\n<li><strong>Nyomon k\u00f6vethet\u0151, megfelel\u0151 \u00e9s k\u00f6nnyen hozz\u00e1f\u00e9rhet\u0151 form\u00e1tumok<\/strong> a csapatok k\u00f6z\u00f6tt<\/li>\n<\/ul>\n\n\n\n<p>Azok a szervezetek, amelyek az utas\u00edt\u00e1sokat dinamikus, egy\u00fcttm\u0171k\u00f6d\u0151 eszk\u00f6zk\u00e9nt kezelik - nem pedig statikus dokumentumk\u00e9nt -, nagyobb elk\u00f6telezetts\u00e9get, alacsonyabb hibaar\u00e1nyt \u00e9s gyorsabb beilleszked\u00e9st tapasztalnak.<\/p>\n\n\n\n<h2 class=\"wp-block-heading\" id=\"standards-and-regulatory-requirements\"><strong>Szabv\u00e1nyok \u00e9s szab\u00e1lyoz\u00e1si k\u00f6vetelm\u00e9nyek<\/strong><\/h2>\n\n\n\n<p>A munkautas\u00edt\u00e1sok nem csak operat\u00edv szempontb\u00f3l fontosak, hanem a nemzetk\u00f6zi min\u0151s\u00e9gi \u00e9s biztons\u00e1gi szabv\u00e1nyok betart\u00e1s\u00e1nak kritikus elemei is. Az al\u00e1bbiakban \u00f6sszefoglaljuk, hogy a f\u0151bb szabv\u00e1nyok hogyan foglalkoznak a munkautas\u00edt\u00e1sokkal, illetve hogyan befoly\u00e1solj\u00e1k azokat:<\/p>\n\n\n\n<p><strong>ISO 9001 (min\u0151s\u00e9gir\u00e1ny\u00edt\u00e1si rendszerek):<\/strong><\/p>\n\n\n\n<ul class=\"wp-block-list\">\n<li>Hangs\u00falyt fektet a folyamatok m\u0171k\u00f6d\u00e9s\u00e9t t\u00e1mogat\u00f3 dokument\u00e1lt inform\u00e1ci\u00f3kra.<\/li>\n\n\n\n<li>Megk\u00f6veteli, hogy a szervezetek vezess\u00e9k a folyamatok hat\u00e9kony tervez\u00e9s\u00e9hez, m\u0171k\u00f6dtet\u00e9s\u00e9hez \u00e9s ellen\u0151rz\u00e9s\u00e9hez sz\u00fcks\u00e9ges dokument\u00e1ci\u00f3t (7.5. pont).<\/li>\n\n\n\n<li>E k\u00f6vetelm\u00e9ny teljes\u00edt\u00e9s\u00e9re gyakran haszn\u00e1lnak munkautas\u00edt\u00e1sokat, k\u00fcl\u00f6n\u00f6sen a term\u00e9kmegfelel\u0151s\u00e9get befoly\u00e1sol\u00f3 feladatok eset\u00e9ben.<\/li>\n<\/ul>\n\n\n\n<p><strong>IATF 16949 (aut\u00f3ipari QMS):<\/strong><\/p>\n\n\n\n<ul class=\"wp-block-list\">\n<li>Az ISO 9001 szabv\u00e1nyra \u00e9p\u00fcl, \u00e9s a gy\u00e1rt\u00e1si \u00e9s szolg\u00e1ltat\u00e1si m\u0171veletek ellen\u0151rz\u00e9s\u00e9t \u00edrja el\u0151.<\/li>\n\n\n\n<li>R\u00e9szletesen dokument\u00e1lt munkautas\u00edt\u00e1sokat \u00edr el\u0151 a min\u0151s\u00e9get befoly\u00e1sol\u00f3 valamennyi gy\u00e1rt\u00e1si folyamatra vonatkoz\u00f3an (8.5.1.2. pont).<\/li>\n\n\n\n<li>Hangs\u00falyozza a szabv\u00e1nyos\u00edtott munka \u00e9s a kock\u00e1zat\u00e9rt\u00e9kel\u00e9sen alapul\u00f3 hibabiztons\u00e1g sz\u00fcks\u00e9gess\u00e9g\u00e9t (FMEA).<\/li>\n<\/ul>\n\n\n\n<p><strong>ISO 13485 (orvostechnikai eszk\u00f6z\u00f6k):<\/strong><\/p>\n\n\n\n<ul class=\"wp-block-list\">\n<li>Munkautas\u00edt\u00e1sokat ig\u00e9nyel minden olyan gy\u00e1rt\u00e1si \u00e9s szolg\u00e1ltat\u00e1si m\u0171velethez, amely hat\u00e1ssal lehet a min\u0151s\u00e9gre \u00e9s a biztons\u00e1gra.<\/li>\n\n\n\n<li>Tov\u00e1bbi hangs\u00falyt fektet az ellen\u0151rz\u00e9si \u00e9s vizsg\u00e1lati elj\u00e1r\u00e1sok dokument\u00e1l\u00e1s\u00e1ra a nyomon k\u00f6vethet\u0151s\u00e9g biztos\u00edt\u00e1sa \u00e9rdek\u00e9ben.<\/li>\n<\/ul>\n\n\n\n<p><strong>OSHA (Occupational Safety and Health Administration - USA):<\/strong><\/p>\n\n\n\n<ul class=\"wp-block-list\">\n<li>B\u00e1r nem olyan szabv\u00e1ny, mint az ISO, az OSHA-el\u0151\u00edr\u00e1sok gyakran megk\u00f6vetelik a biztons\u00e1gos munkav\u00e9gz\u00e9s dokument\u00e1l\u00e1s\u00e1t \u00e9s k\u00f6vet\u00e9s\u00e9t.<\/li>\n\n\n\n<li>Az egy\u00e9rtelm\u0171, hozz\u00e1f\u00e9rhet\u0151 munkautas\u00edt\u00e1sok seg\u00edtik a biztons\u00e1gi elj\u00e1r\u00e1sok \u00e9s az egy\u00e9ni v\u00e9d\u0151eszk\u00f6z\u00f6k haszn\u00e1lat\u00e1nak betart\u00e1s\u00e1t.<\/li>\n<\/ul>\n\n\n\n<p><strong>FDA CFR 820. r\u00e9sz (orvostechnikai eszk\u00f6z\u00f6k - USA):<\/strong><\/p>\n\n\n\n<ul class=\"wp-block-list\">\n<li>Ig\u00e9nyli az utas\u00edt\u00e1sok, m\u00f3dszerek \u00e9s elj\u00e1r\u00e1sok dokument\u00e1l\u00e1s\u00e1t a termel\u00e9s \u00e9s a folyamatir\u00e1ny\u00edt\u00e1s sz\u00e1m\u00e1ra.<\/li>\n\n\n\n<li>Biztos\u00edtja, hogy az eszk\u00f6z\u00f6k megfeleljenek a specifik\u00e1ci\u00f3knak, egy\u00e9rtelm\u0171en meghat\u00e1rozott, valid\u00e1lt \u00e9s ellen\u0151rz\u00f6tt m\u0171veletek r\u00e9v\u00e9n.<\/li>\n<\/ul>\n\n\n\n<p><strong>GMP (helyes gy\u00e1rt\u00e1si gyakorlat):<\/strong><\/p>\n\n\n\n<ul class=\"wp-block-list\">\n<li>Az olyan szab\u00e1lyoz\u00f3 szervek, mint az FDA, az EMA \u00e9s a WHO \u00e1ltal a gy\u00f3gyszerekre, \u00e9lelmiszerekre \u00e9s orvostechnikai eszk\u00f6z\u00f6kre vonatkoz\u00f3an el\u0151\u00edrt.<\/li>\n\n\n\n<li>Az \u00f6sszes m\u0171k\u00f6d\u00e9si elj\u00e1r\u00e1s alapos dokument\u00e1l\u00e1sa sz\u00fcks\u00e9ges, bele\u00e9rtve a munkautas\u00edt\u00e1sokat is.<\/li>\n\n\n\n<li>Biztos\u00edtja, hogy a folyamatokat k\u00f6vetkezetesen k\u00f6vess\u00e9k, valid\u00e1lj\u00e1k \u00e9s audit\u00e1lj\u00e1k - a term\u00e9kmin\u0151s\u00e9g \u00e9s a betegbiztons\u00e1g v\u00e9delme \u00e9rdek\u00e9ben.<\/li>\n\n\n\n<li>Az utas\u00edt\u00e1sokat szigor\u00fa \u00e9letciklus-menedzsment szerint kell ellen\u0151rizni, al\u00e1\u00edrni, fel\u00fclvizsg\u00e1lni \u00e9s archiv\u00e1lni.<\/li>\n<\/ul>\n\n\n\n<p><strong>AS9100 (rep\u00fcl\u00e9si min\u0151s\u00e9gir\u00e1ny\u00edt\u00e1si rendszerek):<\/strong><\/p>\n\n\n\n<ul class=\"wp-block-list\">\n<li>Kib\u0151v\u00edti az ISO 9001 szabv\u00e1nyt az \u0171rhaj\u00f3z\u00e1si \u00e1gazatra vonatkoz\u00f3 k\u00fcl\u00f6nleges k\u00f6vetelm\u00e9nyekkel.<\/li>\n\n\n\n<li>R\u00e9szletes dokument\u00e1ci\u00f3t \u00e9s kock\u00e1zatalap\u00fa munkautas\u00edt\u00e1sokat ig\u00e9nyel a rep\u00fcl\u00e9s \u00e9s az \u00fczemeltet\u00e9s biztons\u00e1g\u00e1nak biztos\u00edt\u00e1sa \u00e9rdek\u00e9ben.<\/li>\n<\/ul>\n\n\n\n<p><strong>ISO\/TS 22163 (Vas\u00fati alkalmaz\u00e1sok - IRIS):<\/strong><\/p>\n\n\n\n<ul class=\"wp-block-list\">\n<li>A vas\u00fati \u00e1gazat sz\u00e1m\u00e1ra fejlesztett\u00e9k ki, \u00e9s az ISO 9001 szabv\u00e1nyon alapul.<\/li>\n\n\n\n<li>Nyomon k\u00f6vethet\u0151, folyamatvez\u00e9relt dokument\u00e1ci\u00f3ra van sz\u00fcks\u00e9g, bele\u00e9rtve a term\u00e9kmegval\u00f3s\u00edt\u00e1shoz sz\u00fcks\u00e9ges munkautas\u00edt\u00e1sokat is.<\/li>\n<\/ul>\n\n\n\n<p><strong>IEC 61511 \/ ISA-84 (Folyamatipar - Funkcion\u00e1lis biztons\u00e1g):<\/strong><\/p>\n\n\n\n<ul class=\"wp-block-list\">\n<li>Szab\u00e1lyozza a technol\u00f3giai ipar\u00e1gak biztons\u00e1gi m\u0171szerekkel ell\u00e1tott rendszereit.<\/li>\n\n\n\n<li>Dokument\u00e1lt elj\u00e1r\u00e1sokat \u00edr el\u0151 a funkcion\u00e1lis biztons\u00e1ghoz kapcsol\u00f3d\u00f3 \u00fczemeltet\u00e9si \u00e9s karbantart\u00e1si feladatokra.<\/li>\n<\/ul>\n\n\n\n<p><strong>ISO 22000 (\u00e9lelmiszerbiztons\u00e1gi ir\u00e1ny\u00edt\u00e1si rendszerek):<\/strong><\/p>\n\n\n\n<ul class=\"wp-block-list\">\n<li>Hangs\u00falyt helyez a dokument\u00e1lt ellen\u0151rz\u00e9si int\u00e9zked\u00e9sekre \u00e9s a feladat alap\u00fa munkautas\u00edt\u00e1sokra az \u00e9lelmiszerbiztons\u00e1gi vesz\u00e9lyek megel\u0151z\u00e9se \u00e9rdek\u00e9ben.<\/li>\n<\/ul>\n\n\n\n<p><strong>ISO 45001 (munkahelyi eg\u00e9szs\u00e9gv\u00e9delem \u00e9s biztons\u00e1g):<\/strong><\/p>\n\n\n\n<ul class=\"wp-block-list\">\n<li>\u00d6szt\u00f6nzi a dokument\u00e1lt biztons\u00e1gos munkav\u00e9gz\u00e9si elj\u00e1r\u00e1sok alkalmaz\u00e1s\u00e1t a munkahelyi kock\u00e1zatok kezel\u00e9se \u00e9s cs\u00f6kkent\u00e9se \u00e9rdek\u00e9ben.<\/li>\n<\/ul>\n\n\n\n<p><strong>EN\/IEC szabv\u00e1nyok (elektromos\/elektronikai rendszerek):<\/strong><\/p>\n\n\n\n<ul class=\"wp-block-list\">\n<li>Gyakran hivatkozik elj\u00e1r\u00e1si dokument\u00e1ci\u00f3ra \u00e9s l\u00e9p\u00e9sr\u0151l-l\u00e9p\u00e9sre t\u00f6rt\u00e9n\u0151 utas\u00edt\u00e1sokra a tervez\u00e9si \u00e9s \u00fczemeltet\u00e9si \u00e9rv\u00e9nyes\u00edt\u00e9si folyamatok r\u00e9szek\u00e9nt.<\/li>\n<\/ul>\n\n\n\n<p><strong>ISO\/IEC 17025 (Vizsg\u00e1l\u00f3 \u00e9s kalibr\u00e1l\u00f3 laborat\u00f3riumok):<\/strong><\/p>\n\n\n\n<ul class=\"wp-block-list\">\n<li>A gy\u00e1rt\u00e1si k\u00f6rnyezetben min\u0151s\u00e9gellen\u0151rz\u00e9st vagy term\u00e9khiteles\u00edt\u00e9st v\u00e9gz\u0151 laborat\u00f3riumokra vonatkozik.<\/li>\n\n\n\n<li>Dokument\u00e1lt elj\u00e1r\u00e1sokat \u00edr el\u0151 minden vizsg\u00e1lati m\u00f3dszerre, kalibr\u00e1l\u00e1si folyamatra \u00e9s min\u0151s\u00e9gellen\u0151rz\u00e9sre vonatkoz\u00f3an.<\/li>\n\n\n\n<li>Biztos\u00edtja a nyomon k\u00f6vethet\u0151s\u00e9get, a szak\u00e9rtelmet \u00e9s az ism\u00e9telhet\u0151s\u00e9get, ami alapvet\u0151 fontoss\u00e1g\u00fav\u00e1 teszi a vil\u00e1gos munkautas\u00edt\u00e1sokat.<\/li>\n<\/ul>\n\n\n\n<p><strong>ISO 15189 (orvosi laborat\u00f3riumok):<\/strong><\/p>\n\n\n\n<ul class=\"wp-block-list\">\n<li>Az orvosi laborat\u00f3riumokban a szak\u00e9rtelemre \u00e9s a min\u0151s\u00e9gre \u00f6sszpontos\u00edt.<\/li>\n\n\n\n<li>Dokument\u00e1lt elj\u00e1r\u00e1sokat \u00e9s nyomon k\u00f6vethet\u0151 feljegyz\u00e9seket ig\u00e9nyel, ami a munkautas\u00edt\u00e1sokat elengedhetetlenn\u00e9 teszi a laborat\u00f3riumi k\u00f6rnyezetben.<\/li>\n<\/ul>\n\n\n\n<p><strong>SAE J1739 \/ AIAG FMEA k\u00e9zik\u00f6nyv:<\/strong><\/p>\n\n\n\n<ul class=\"wp-block-list\">\n<li>Ir\u00e1ny\u00edtja a kock\u00e1zat\u00e9rt\u00e9kel\u00e9st az aut\u00f3iparban \u00e9s a feldolgoz\u00f3iparban.<\/li>\n\n\n\n<li>\u00f6szt\u00f6nzi a munkautas\u00edt\u00e1sok \u00f6sszekapcsol\u00e1s\u00e1t a hibam\u00f3d- \u00e9s hat\u00e1selemz\u00e9sben meghat\u00e1rozott kock\u00e1zatcs\u00f6kkent\u00e9si strat\u00e9gi\u00e1kkal.<\/li>\n<\/ul>\n\n\n\n<p><strong>21 CFR 11. r\u00e9sz (FDA - Elektronikus nyilv\u00e1ntart\u00e1sok \u00e9s al\u00e1\u00edr\u00e1sok):<\/strong><\/p>\n\n\n\n<ul class=\"wp-block-list\">\n<li>Szab\u00e1lyozza az elektronikus nyilv\u00e1ntart\u00e1sok (bele\u00e9rtve a digit\u00e1lis munkautas\u00edt\u00e1sokat is) l\u00e9trehoz\u00e1s\u00e1nak, al\u00e1\u00edr\u00e1s\u00e1nak \u00e9s t\u00e1rol\u00e1s\u00e1nak m\u00f3dj\u00e1t.<\/li>\n\n\n\n<li>Biztos\u00edtja a digit\u00e1lis dokument\u00e1ci\u00f3 integrit\u00e1s\u00e1t, nyomon k\u00f6vethet\u0151s\u00e9g\u00e9t \u00e9s audit\u00e1lhat\u00f3s\u00e1g\u00e1t.<\/li>\n<\/ul>\n\n\n\n<p><strong>ISO\/IEC 27001 (inform\u00e1ci\u00f3biztons\u00e1gi ir\u00e1ny\u00edt\u00e1si rendszerek):<\/strong><\/p>\n\n\n\n<ul class=\"wp-block-list\">\n<li>B\u00e1r nem a m\u0171veletekre \u00f6sszpontos\u00edt, ez akkor v\u00e1lik fontoss\u00e1, amikor a munkautas\u00edt\u00e1sok \u00e9rz\u00e9keny IP- vagy \u00fcgyf\u00e9ladatokat tartalmaznak.<\/li>\n\n\n\n<li>A hozz\u00e1f\u00e9r\u00e9s-szab\u00e1lyoz\u00e1sra, a dokumentumok meg\u0151rz\u00e9s\u00e9re \u00e9s az adatok integrit\u00e1s\u00e1ra vonatkoz\u00f3 ir\u00e1nyelveket ig\u00e9nyel - mindezek a digit\u00e1lis utas\u00edt\u00e1sokra alkalmazand\u00f3k.<\/li>\n<\/ul>\n\n\n\n<p>Ezek a szabv\u00e1nyok \u00e1ltal\u00e1nosan elv\u00e1rj\u00e1k a pontos, hozz\u00e1f\u00e9rhet\u0151 \u00e9s naprak\u00e9sz dokument\u00e1ci\u00f3t a min\u0151s\u00e9g \u00e9s a biztons\u00e1g szempontj\u00e1b\u00f3l kritikus m\u0171veletek ellen\u0151rz\u00e9se \u00e9rdek\u00e9ben. A digitaliz\u00e1lt munkautas\u00edt\u00e1sok hat\u00e9kony, megfelel\u0151 \u00e9s m\u00e9retezhet\u0151 m\u00f3dszert biztos\u00edtanak ezen elv\u00e1r\u00e1sok teljes\u00edt\u00e9s\u00e9re.<\/p>\n\n\n\n<h2 class=\"wp-block-heading\" id=\"digital-transformation-of-work-instructions\"><strong>A munkautas\u00edt\u00e1sok digit\u00e1lis \u00e1talak\u00edt\u00e1sa<\/strong><\/h2>\n\n\n\n<p>A digit\u00e1lis \u00e1talakul\u00e1s a gy\u00e1rt\u00e1sban m\u00e1r nem opcion\u00e1lis, hanem elengedhetetlen. Egy olyan k\u00f6rnyezetben, amelyet munkaer\u0151hi\u00e1ny, n\u00f6vekv\u0151 term\u00e9k\u00f6sszet\u00e9tel, glob\u00e1lis verseny \u00e9s egyre szigor\u00fabb megfelel\u00e9si el\u0151\u00edr\u00e1sok jellemeznek, az anal\u00f3g rendszerek egyszer\u0171en nem tudnak l\u00e9p\u00e9st tartani.<\/p>\n\n\n\n<p><strong>Mi\u00e9rt kritikus:<\/strong><\/p>\n\n\n\n<ul class=\"wp-block-list\">\n<li><strong>Agilit\u00e1s:<\/strong> A gy\u00e1rt\u00f3knak gyorsan kell reag\u00e1lniuk a term\u00e9kv\u00e1ltoz\u00e1sokra, a min\u0151s\u00e9gi probl\u00e9m\u00e1kra \u00e9s a vev\u0151i ig\u00e9nyekre. A digit\u00e1lis rendszerek lehet\u0151v\u00e9 teszik az azonnali friss\u00edt\u00e9seket \u00e9s az inform\u00e1ci\u00f3k glob\u00e1lis terjeszt\u00e9s\u00e9t.<\/li>\n\n\n\n<li><strong>Sk\u00e1l\u00e1zhat\u00f3s\u00e1g:<\/strong> Ahogy a v\u00e1llalatok telephelyek \u00e9s r\u00e9gi\u00f3k k\u00f6z\u00f6tt n\u00f6vekednek, a szabv\u00e1nyos\u00edtott digit\u00e1lis eszk\u00f6z\u00f6k seg\u00edtik a k\u00f6vetkezetess\u00e9g fenntart\u00e1s\u00e1t.<\/li>\n\n\n\n<li><strong>Munkaer\u0151-tendenci\u00e1k:<\/strong> A munkav\u00e1llal\u00f3k \u00faj gener\u00e1ci\u00f3ja intuit\u00edv, mobilbar\u00e1t eszk\u00f6z\u00f6ket v\u00e1r el - a digit\u00e1lis utas\u00edt\u00e1sok megfelelnek ennek az elv\u00e1r\u00e1snak, \u00e9s cs\u00f6kkentik a k\u00e9pz\u00e9si id\u0151t.<\/li>\n\n\n\n<li><strong>Megfelel\u00e9s:<\/strong> A jogszab\u00e1lyok ma m\u00e1r megk\u00f6vetelik a nyomon k\u00f6vethet\u0151s\u00e9get, a dokument\u00e1ci\u00f3t \u00e9s a feladatok v\u00e9grehajt\u00e1s\u00e1nak val\u00f3s idej\u0171 igazol\u00e1s\u00e1t - a digit\u00e1lisan kezelt munkautas\u00edt\u00e1sok hat\u00e9konyan teljes\u00edtik ezeket a k\u00f6vetelm\u00e9nyeket.<\/li>\n<\/ul>\n\n\n\n<p><strong>A t\u00e9tlens\u00e9g \u00e1ra:<\/strong> A digit\u00e1lis \u00e1talakul\u00e1st k\u00e9sleltet\u0151 szervezeteknek egyre nagyobb kock\u00e1zattal kell szemben\u00e9zni\u00fck: n\u00f6vekv\u0151 k\u00e9pz\u00e9si k\u00f6lts\u00e9gekkel, a folyamatok min\u0151s\u00e9g\u00e9nek fokoz\u00f3d\u00f3 ingadoz\u00e1s\u00e1val, a megfelel\u00e9si c\u00e9lok elmarad\u00e1s\u00e1val \u00e9s a munkav\u00e1llal\u00f3k elidegened\u00e9s\u00e9vel. Az elavult utas\u00edt\u00e1si rendszerek al\u00e1\u00e1ss\u00e1k a m\u0171k\u00f6d\u00e9si agilit\u00e1st, \u00e9s megnehez\u00edtik a versenyt a digit\u00e1lisan \u00e9rett t\u00e1rsaikkal.<\/p>\n\n\n\n<p><strong>Mi\u00e9rt kezdj\u00fck a munkautas\u00edt\u00e1sokkal:<\/strong><\/p>\n\n\n\n<ul class=\"wp-block-list\">\n<li>Ezek k\u00f6zvetlen\u00fcl befoly\u00e1solj\u00e1k a min\u0151s\u00e9get, a biztons\u00e1got \u00e9s a termel\u00e9kenys\u00e9get a frontvonalon.<\/li>\n\n\n\n<li>Minden oper\u00e1tor, technikus \u00e9s oktat\u00f3 naponta hozz\u00e1f\u00e9r \u00e9s haszn\u00e1lja \u0151ket.<\/li>\n\n\n\n<li>A javul\u00e1s azonnal l\u00e1that\u00f3 \u00e9s m\u00e9rhet\u0151.<\/li>\n\n\n\n<li>Az oktat\u00e1s min\u0151s\u00e9ge szinte minden KPI-t befoly\u00e1sol: a selejtez\u00e9si ar\u00e1nyt\u00f3l \u00e9s az audit\u00e1l\u00e1si k\u00e9szs\u00e9gt\u0151l kezdve a beilleszked\u00e9si sebess\u00e9gig \u00e9s az incidensek cs\u00f6kkent\u00e9s\u00e9ig.<\/li>\n<\/ul>\n\n\n\n<p>A munkautas\u00edt\u00e1sok digitaliz\u00e1l\u00e1sa k\u00e9zzelfoghat\u00f3, alacsony akad\u00e1lyokat jelent\u0151 bel\u00e9p\u00e9si pontot k\u00edn\u00e1l a sz\u00e9lesebb k\u00f6r\u0171 digit\u00e1lis \u00e1talak\u00edt\u00e1si er\u0151fesz\u00edt\u00e9sekhez. Emellett digit\u00e1lis \u00edr\u00e1stud\u00e1st, bizalmat \u00e9s felhaszn\u00e1l\u00f3i elfogadotts\u00e1got is teremt, ami t\u00e1mogathatja az olyan j\u00f6v\u0151beli rendszereket, mint a MES, az IoT vagy az AI-alap\u00fa analitika.<\/p>\n\n\n\n<p><strong>A piaci lend\u00fclet:<\/strong> T\u00f6bb ipar\u00e1gi jelent\u00e9s szerint a gy\u00e1rt\u00e1si vezet\u0151k t\u00f6bb mint 70%-je tervezi a digit\u00e1lis munkautas\u00edt\u00e1si rendszerek bevezet\u00e9s\u00e9t vagy b\u0151v\u00edt\u00e9s\u00e9t 2026-ig. A vide\u00f3alap\u00fa \u00fatmutat\u00e1st ma m\u00e1r az egyik leggyorsabb m\u00f3dszernek tartj\u00e1k a hib\u00e1k cs\u00f6kkent\u00e9s\u00e9re \u00e9s a szak\u00e9rt\u0151i tud\u00e1s glob\u00e1lis csapatokra t\u00f6rt\u00e9n\u0151 kiterjeszt\u00e9s\u00e9re.<\/p>\n\n\n\n<h3 class=\"wp-block-heading\" id=\"modern-tools-and-platforms\"><strong>Modern eszk\u00f6z\u00f6k \u00e9s platformok<\/strong><\/h3>\n\n\n\n<p>A munkautas\u00edt\u00e1sok digitaliz\u00e1l\u00e1sa messze t\u00falmutat a PDF-eken \u00e9s a statikus dokumentumokon. A modern felh\u0151alap\u00fa platformok, mint p\u00e9ld\u00e1ul a <a href=\"https:\/\/rewo.io\/hu\/\">REWO<\/a> lehet\u0151v\u00e9 teszik a gy\u00e1rt\u00f3csapatok sz\u00e1m\u00e1ra, hogy az utas\u00edt\u00e1sokat \u00e9l\u0151 eszk\u00f6zk\u00e9nt kezelj\u00e9k, amelyek a m\u0171veletekkel egy\u00fctt fejl\u0151dnek.<\/p>\n\n\n\n<p><strong>Az alapvet\u0151 k\u00e9pess\u00e9gek k\u00f6z\u00e9 tartoznak:<\/strong><\/p>\n\n\n\n<ul class=\"wp-block-list\">\n<li>Val\u00f3s idej\u0171 friss\u00edt\u00e9sek t\u00f6bb l\u00e9tes\u00edtm\u00e9nyben<\/li>\n\n\n\n<li>K\u00f6zponti verzi\u00f3ellen\u0151rz\u00e9s \u00e9s nyomon k\u00f6vethet\u0151s\u00e9g<\/li>\n\n\n\n<li>T\u00e1voli feladatkioszt\u00e1s \u00e9s haszn\u00e1latfel\u00fcgyelet<\/li>\n\n\n\n<li>T\u00f6bb form\u00e1tum\u00fa t\u00e1mogat\u00e1s, bele\u00e9rtve a sz\u00f6veget, k\u00e9peket, vide\u00f3t \u00e9s hangot is<\/li>\n<\/ul>\n\n\n\n<p>Ezek a k\u00e9pess\u00e9gek lehet\u0151v\u00e9 teszik a csapatok sz\u00e1m\u00e1ra a gyorsabb mozg\u00e1st, a gyakorlatok szabv\u00e1nyos\u00edt\u00e1s\u00e1t \u00e9s az operat\u00edv v\u00e1ltoz\u00e1sokra val\u00f3 azonnali reag\u00e1l\u00e1st. Ami a legfontosabb, hogy megteremtik a vide\u00f3vez\u00e9relt utas\u00edt\u00e1si rendszerek alapjait, amelyek ma az operat\u00edv kommunik\u00e1ci\u00f3 k\u00f6vetkez\u0151 hat\u00e1r\u00e1t jelentik.<\/p>\n\n\n\n<h3 class=\"wp-block-heading\" id=\"transition-to-video-based-instructions\"><strong>\u00c1tmenet a vide\u00f3alap\u00fa utas\u00edt\u00e1sokra<\/strong><\/h3>\n\n\n\n<p>Ahogy a gy\u00e1rt\u00e1s fejl\u0151dik, \u00fagy v\u00e1ltozik a frontvonalbeli k\u00e9pz\u00e9s \u00e9s \u00fatmutat\u00e1s form\u00e1tuma is. A videoutas\u00edt\u00e1sok gyorsan a tud\u00e1s r\u00f6gz\u00edt\u00e9s\u00e9nek \u00e9s \u00e1tad\u00e1s\u00e1nak arany standardj\u00e1v\u00e1 v\u00e1lnak.<\/p>\n\n\n\n<p><strong>Mi\u00e9rt a vide\u00f3 a k\u00f6vetkez\u0151 l\u00e9p\u00e9s:<\/strong><\/p>\n\n\n\n<ul class=\"wp-block-list\">\n<li><strong>Magasabb megtart\u00e1s:<\/strong> A vide\u00f3 ak\u00e1r 80%-tel is jav\u00edtja a tanul\u00e1s megtart\u00e1s\u00e1t a csak sz\u00f6veges utas\u00edt\u00e1sokkal szemben<\/li>\n\n\n\n<li><strong>Nyelv-agnosztikus:<\/strong> A vizu\u00e1lis bemutat\u00f3k cs\u00f6kkentik a leford\u00edtott sz\u00f6vegre val\u00f3 t\u00e1maszkod\u00e1st.<\/li>\n\n\n\n<li><strong>Realizmus:<\/strong> Az oper\u00e1torok val\u00f3s k\u00f6rnyezetben l\u00e1thatj\u00e1k a feladatok v\u00e9grehajt\u00e1s\u00e1t, ami n\u00f6veli a meg\u00e9rt\u00e9st.<\/li>\n\n\n\n<li><strong>Sebess\u00e9g:<\/strong> Az \u00faj alkalmazottak gyorsabban \u00e9s kevesebb fel\u00fcgyelet mellett tanulhatnak<\/li>\n\n\n\n<li><strong>Sk\u00e1l\u00e1zhat\u00f3s\u00e1g:<\/strong> Egy felvett szak\u00e9rt\u0151 t\u00f6bb sz\u00e1z glob\u00e1lis telephelyen k\u00e9pes oktatni<\/li>\n<\/ul>\n\n\n\n<p><strong>Haszn\u00e1lati p\u00e9lda:<\/strong> Egy eur\u00f3pai aut\u00f3ipari besz\u00e1ll\u00edt\u00f3 50%-tel cs\u00f6kkentette a beilleszked\u00e9si id\u0151t, miut\u00e1n az \u00edr\u00e1sos SOP-okat l\u00e9p\u00e9sr\u0151l l\u00e9p\u00e9sre, tableten \u00e9s QR-k\u00f3dokon kereszt\u00fcl el\u00e9rhet\u0151 vide\u00f3s \u00fatmutat\u00f3kkal v\u00e1ltotta fel.<\/p>\n\n\n\n<h3 class=\"wp-block-heading\" id=\"integration-with-erp-lms-mes\"><strong>Integr\u00e1ci\u00f3 ERP, LMS, MES rendszerekkel<\/strong><\/h3>\n\n\n\n<p>Az igazi digit\u00e1lis \u00e1talakul\u00e1s akkor k\u00f6vetkezik be, amikor a munkautas\u00edt\u00e1sok z\u00f6kken\u0151mentesen kapcsol\u00f3dnak a v\u00e1llalati rendszerekhez:<\/p>\n\n\n\n<ul class=\"wp-block-list\">\n<li><strong>ERP (Enterprise Resource Planning):<\/strong> Rev\u00edzi\u00f3s napl\u00f3k, j\u00f3v\u00e1hagy\u00e1si folyamatok \u00e9s utas\u00edt\u00e1s-verzi\u00f3ztat\u00e1s automatiz\u00e1l\u00e1sa<\/li>\n\n\n\n<li><strong>LMS (Learning Management System):<\/strong> Az utas\u00edt\u00e1sok be\u00e1gyaz\u00e1sa a tan\u00fas\u00edt\u00e1si programokba \u00e9s k\u00e9pz\u00e9si tervekbe<\/li>\n\n\n\n<li><strong>MES (Manufacturing Execution System):<\/strong> A feladatv\u00e9grehajt\u00e1s \u00f6sszekapcsol\u00e1sa az utas\u00edt\u00e1s-ellen\u0151rz\u00e9si list\u00e1kkal \u00e9s az \u00e9l\u0151 oper\u00e1tori \u00fatmutat\u00e1ssal<\/li>\n<\/ul>\n\n\n\n<p>Az integr\u00e1ci\u00f3 biztos\u00edtja a nyomon k\u00f6vethet\u0151s\u00e9get, felgyors\u00edtja a megfelel\u0151s\u00e9gi jelent\u00e9st\u00e9telt, \u00e9s k\u00f6zvetlen\u00fcl \u00f6sszekapcsolja az utas\u00edt\u00e1sok haszn\u00e1lat\u00e1t a teljes\u00edtm\u00e9nymutat\u00f3kkal.<\/p>\n\n\n\n<h3 class=\"wp-block-heading\" id=\"real-time-access-and-version-control\"><strong>Val\u00f3s idej\u0171 hozz\u00e1f\u00e9r\u00e9s \u00e9s verzi\u00f3kezel\u00e9s<\/strong><\/h3>\n\n\n\n<p>A modern l\u00e9tes\u00edtm\u00e9nyekben az \u00fczemeltet\u0151k nem lapozgatj\u00e1k a dosszi\u00e9kat, hanem QR-k\u00f3dokat szkennelnek be, vagy ikonokra koppintanak a t\u00e1blag\u00e9peken vagy munka\u00e1llom\u00e1sokon, hogy pontosan azt \u00e9rj\u00e9k el, amire sz\u00fcks\u00e9g\u00fck van, amikor sz\u00fcks\u00e9g\u00fck van r\u00e1.<\/p>\n\n\n\n<p><strong>El\u0151ny\u00f6k:<\/strong><\/p>\n\n\n\n<ul class=\"wp-block-list\">\n<li>Azonnali hozz\u00e1f\u00e9r\u00e9s a leg\u00fajabb j\u00f3v\u00e1hagyott verzi\u00f3hoz<\/li>\n\n\n\n<li>Cs\u00f6kken a pap\u00edrra, a mem\u00f3ri\u00e1ra vagy az elavult SOP-kra val\u00f3 t\u00e1maszkod\u00e1s.<\/li>\n\n\n\n<li>T\u00e1mogatja az AR-szem\u00fcveggel vagy hangutas\u00edt\u00e1sokkal t\u00f6rt\u00e9n\u0151 k\u00e9z n\u00e9lk\u00fcli megtekint\u00e9st<\/li>\n<\/ul>\n\n\n\n<p>A verzi\u00f3szab\u00e1lyoz\u00e1s a megfelel\u0151s\u00e9g \u00e9s a m\u0171k\u00f6d\u00e9si k\u00f6vetkezetess\u00e9g v\u00e9delm\u00e9t is szolg\u00e1lja, mivel biztos\u00edtja, hogy minden felhaszn\u00e1l\u00f3 ugyanazt a legfrissebb \u00fatmutat\u00f3t haszn\u00e1lja.<\/p>\n\n\n\n<h2 class=\"wp-block-heading\" id=\"real-world-case-studies\"><strong>Val\u00f3s vil\u00e1gbeli esettanulm\u00e1nyok<\/strong><\/h2>\n\n\n\n<h3 class=\"wp-block-heading\" id=\"mann-hummel-from-print-to-smart-digital-training\"><strong>Mann+Hummel: A nyomtat\u00e1st\u00f3l az intelligens digit\u00e1lis k\u00e9pz\u00e9sig<\/strong><\/h3>\n\n\n\n<p><a href=\"https:\/\/rewo.io\/hu\/mannhummel-esettanulmany\/\">Olvassa el a teljes esettanulm\u00e1nyt \u2192<\/a><\/p>\n\n\n\n<p>A Mann+Hummel a nyomtatott dokument\u00e1ci\u00f3r\u00f3l \u00e1tt\u00e9rt a REWO digit\u00e1lis, vide\u00f3alap\u00fa utas\u00edt\u00e1saira, hogy egys\u00e9ges\u00edtse a k\u00e9pz\u00e9st, \u00e9s t\u00e1mogassa a magas vegyes gy\u00e1rt\u00e1si k\u00f6rnyezetet.<\/p>\n\n\n\n<p><strong>Legfontosabb el\u0151ny\u00f6k:<\/strong><\/p>\n\n\n\n<ul class=\"wp-block-list\">\n<li>Egyszer\u0171s\u00edtett k\u00e9pz\u00e9s t\u00f6bbnyelv\u0171 csapatokban<\/li>\n\n\n\n<li>Az \u00f6sszetett \u00f6sszeszerel\u00e9si elj\u00e1r\u00e1sok nagyobb pontoss\u00e1ga \u00e9s k\u00f6vetkezetess\u00e9ge<\/li>\n\n\n\n<li>T\u00e1mogatta a friss\u00edtett munkautas\u00edt\u00e1sok glob\u00e1lis bevezet\u00e9s\u00e9t minim\u00e1lis fennakad\u00e1ssal.<\/li>\n<\/ul>\n\n\n\n<h3 class=\"wp-block-heading\" id=\"scanreco-enhancing-operator-performance-and-audit-readiness\"><strong>Scanreco: Az \u00fczemeltet\u0151i teljes\u00edtm\u00e9ny \u00e9s az auditk\u00e9szs\u00e9g jav\u00edt\u00e1sa<\/strong><\/h3>\n\n\n\n<p><a href=\"https:\/\/rewo.io\/hu\/scanreco-esettanulmany\/\">Olvassa el a teljes esettanulm\u00e1nyt \u2192<\/a><\/p>\n\n\n\n<p>A Scanreco a hagyom\u00e1nyos \u00fatmutat\u00f3kat a REWO videoutas\u00edt\u00e1sokkal v\u00e1ltotta fel a munkaer\u0151 soksz\u00edn\u0171s\u00e9g\u00e9vel \u00e9s az ellen\u0151rz\u00e9si kih\u00edv\u00e1sokkal val\u00f3 szemben\u00e9z\u00e9s \u00e9rdek\u00e9ben.<\/p>\n\n\n\n<p><strong>Legfontosabb el\u0151ny\u00f6k:<\/strong><\/p>\n\n\n\n<ul class=\"wp-block-list\">\n<li>Cs\u00f6kkentett bevezet\u00e9si id\u0151<\/li>\n\n\n\n<li>Fokozott sz\u00f6veg\u00e9rt\u00e9s a nem anyanyelvi besz\u00e9l\u0151k sz\u00e1m\u00e1ra<\/li>\n\n\n\n<li>Nyomon k\u00f6vethet\u0151, naprak\u00e9sz dokument\u00e1ci\u00f3val \u00e1tment az auditokon<\/li>\n<\/ul>\n\n\n\n<h3 class=\"wp-block-heading\" id=\"kolektor-scaling-instructional-efficiency-across-global-plants\"><strong>Kolektor: Az oktat\u00e1s hat\u00e9konys\u00e1g\u00e1nak sk\u00e1l\u00e1z\u00e1sa a glob\u00e1lis \u00fczemekben<\/strong><\/h3>\n\n\n\n<p><a href=\"https:\/\/rewo.io\/hu\/kolektor-esettanulmany\/\">Olvassa el a teljes esettanulm\u00e1nyt \u2192<\/a><\/p>\n\n\n\n<p>A Kolektor a REWO-val k\u00f6zpontos\u00edtotta vide\u00f3gy\u00e1rt\u00e1s\u00e1t, \u00e9s glob\u00e1lisan sk\u00e1l\u00e1zhat\u00f3 utas\u00edt\u00e1si rendszert telep\u00edtett.<\/p>\n\n\n\n<p><strong>Legfontosabb el\u0151ny\u00f6k:<\/strong><\/p>\n\n\n\n<ul class=\"wp-block-list\">\n<li>T\u00f6bb mint 65%-vel cs\u00f6kkentette az utas\u00edt\u00e1sonk\u00e9nti k\u00f6lts\u00e9geket<\/li>\n\n\n\n<li>Egys\u00e9ges\u00edtett gyakorlatok a nemzetk\u00f6zi csapatokban<\/li>\n\n\n\n<li>Fokozott felhaszn\u00e1l\u00f3i elk\u00f6telezetts\u00e9g \u00e9s az oktat\u00e1s konzisztenci\u00e1ja<\/li>\n<\/ul>\n\n\n\n<h2 class=\"wp-block-heading\" id=\"innovation-and-future-trends\"><strong>Innov\u00e1ci\u00f3 \u00e9s j\u00f6v\u0151beli trendek<\/strong><\/h2>\n\n\n\n<div class=\"wp-block-uagb-image uagb-block-349d3e55 wp-block-uagb-image--layout-default wp-block-uagb-image--effect-zoomin wp-block-uagb-image--align-none\"><figure class=\"wp-block-uagb-image__figure\"><img decoding=\"async\" data-srcset=\"https:\/\/rewo.io\/wp-content\/uploads\/2025\/06\/WIA7-1024x559.jpg ,https:\/\/rewo.io\/wp-content\/uploads\/2025\/06\/WIA7.jpg 780w, https:\/\/rewo.io\/wp-content\/uploads\/2025\/06\/WIA7.jpg 360w\" data-sizes=\"auto, (max-width: 480px) 150px\" data-src=\"https:\/\/rewo.io\/wp-content\/uploads\/2025\/06\/WIA7-1024x559.jpg\" alt=\"\" class=\"uag-image-14369 lazyload\" width=\"1024\" height=\"559\" title=\"WIA7\" role=\"img\" src=\"data:image\/svg+xml;base64,PHN2ZyB3aWR0aD0iMSIgaGVpZ2h0PSIxIiB4bWxucz0iaHR0cDovL3d3dy53My5vcmcvMjAwMC9zdmciPjwvc3ZnPg==\" style=\"--smush-placeholder-width: 1024px; --smush-placeholder-aspect-ratio: 1024\/559;\" \/><\/figure><\/div>\n\n\n\n<p>A munkautas\u00edt\u00e1sok j\u00f6v\u0151j\u00e9t olyan intelligens technol\u00f3gi\u00e1k alak\u00edtj\u00e1k, amelyek fokozz\u00e1k az \u00fatmutat\u00e1st, szem\u00e9lyre szabj\u00e1k a k\u00e9pz\u00e9st, \u00e9s alkalmazkodnak a val\u00f3s idej\u0171 \u00fczemi k\u00f6r\u00fclm\u00e9nyekhez. B\u00e1r a gy\u00e1rt\u00e1s ter\u00fclet\u00e9n az elfogad\u00e1s lassabb lehet, mint a technol\u00f3gia \u00e1ltal jobban vez\u00e9relt ipar\u00e1gakban, ezek az innov\u00e1ci\u00f3k folyamatosan alak\u00edtj\u00e1k \u00e1t a versenyhelyzetet.<\/p>\n\n\n\n<p><strong>\u00d6r\u00f6kbefogad\u00e1si kontextus:<\/strong> A gy\u00e1rt\u00e1s - k\u00fcl\u00f6n\u00f6sen a hagyom\u00e1nyos ipar\u00e1gakban - a szab\u00e1lyoz\u00e1si nyom\u00e1s, az \u00f6r\u00f6k\u00f6lt rendszerek \u00e9s a kock\u00e1zatker\u00fcl\u00e9s miatt \u00f3vatosabban alkalmazza a felt\u00f6rekv\u0151 technol\u00f3gi\u00e1kat. A korai alkalmaz\u00f3k azonban m\u00e1r most versenyel\u0151ny\u00f6ket l\u00e1tnak, k\u00fcl\u00f6n\u00f6sen az \u00f6sszetett, nagy v\u00e1ltoz\u00e9konys\u00e1g\u00fa k\u00f6rnyezetekben.<\/p>\n\n\n\n<h3 class=\"wp-block-heading\" id=\"ai-ar-iot-and-smart-factory-integration\"><strong>AI, AR, IoT \u00e9s intelligens gy\u00e1rak integr\u00e1ci\u00f3ja<\/strong><\/h3>\n\n\n\n<p>A gy\u00e1rt\u00e1s \u00faj szakaszba l\u00e9p, ahol az utas\u00edt\u00e1sok nem csak digit\u00e1lisak, hanem intelligensek \u00e9s \u00f6sszekapcsoltak:<\/p>\n\n\n\n<ul class=\"wp-block-list\">\n<li><strong>AI-alap\u00fa rendszerek<\/strong> a felhaszn\u00e1l\u00f3i viselked\u00e9s, az \u00e9rz\u00e9kel\u0151adatok vagy a videofelv\u00e9telek elemz\u00e9s\u00e9vel friss\u00edt\u00e9seket javasol, jelzi a nem egy\u00e9rtelm\u0171 l\u00e9p\u00e9seket, vagy \u00faj utas\u00edt\u00e1sk\u00e9szleteket hoz l\u00e9tre.<\/li>\n\n\n\n<li><strong>AR (kiterjesztett val\u00f3s\u00e1g)<\/strong> lehet\u0151v\u00e9 teszi a kezel\u0151k sz\u00e1m\u00e1ra, hogy a berendez\u00e9sre vet\u00edtett \u00fatmutat\u00e1st l\u00e1ss\u00e1k, minimaliz\u00e1lva a feladatv\u00e1lt\u00e1st \u00e9s a kognit\u00edv terhel\u00e9st.<\/li>\n\n\n\n<li><strong>IoT (a dolgok internete)<\/strong> lehet\u0151v\u00e9 teszi a berendez\u00e9sek sz\u00e1m\u00e1ra, hogy a g\u00e9p \u00e1llapota, a term\u00e9k t\u00edpusa vagy min\u0151s\u00e9gi k\u00fcsz\u00f6b\u00e9rt\u00e9kek alapj\u00e1n kontextusf\u00fcgg\u0151 utas\u00edt\u00e1sokat ind\u00edtsanak.<\/li>\n<\/ul>\n\n\n\n<p><strong>Mi\u00e9rt fontos:<\/strong> Ezek az eszk\u00f6z\u00f6k seg\u00edtenek jav\u00edtani a pontoss\u00e1got, felgyors\u00edtani a feladatra val\u00f3 felk\u00e9sz\u00fclts\u00e9get, \u00e9s a just-in-time t\u00e1mogat\u00e1ssal megel\u0151zni a hib\u00e1kat. Enn\u00e9l is fontosabb, hogy cs\u00f6kkentik a munkav\u00e1llal\u00f3k kognit\u00edv terheit az\u00e1ltal, hogy pontosan a megfelel\u0151 \u00fatmutat\u00e1st ny\u00fajtj\u00e1k a megfelel\u0151 id\u0151ben.<\/p>\n\n\n\n<h3 class=\"wp-block-heading\" id=\"adaptive-and-personalized-instruction-systems\"><strong>Adapt\u00edv \u00e9s szem\u00e9lyre szabott oktat\u00e1si rendszerek<\/strong><\/h3>\n\n\n\n<p>A k\u00f6zelj\u00f6v\u0151ben az oktat\u00e1si platformok az egy\u00e9ni \u00fczemeltet\u0151i adatok alapj\u00e1n fogj\u00e1k adapt\u00e1lni a tartalmat, mint p\u00e9ld\u00e1ul:<\/p>\n\n\n\n<ul class=\"wp-block-list\">\n<li>K\u00e9pzetts\u00e9gi szint vagy tapasztalati szint<\/li>\n\n\n\n<li>Kedvelt nyelv vagy tanul\u00e1si forma<\/li>\n\n\n\n<li>Legut\u00f3bbi teljes\u00edtm\u00e9nyadatok vagy ism\u00e9tl\u0151d\u0151 hib\u00e1k<\/li>\n<\/ul>\n\n\n\n<p><strong>El\u0151ny\u00f6k:<\/strong><\/p>\n\n\n\n<ul class=\"wp-block-list\">\n<li>Cs\u00f6kkenti a k\u00e9pz\u00e9si f\u00e1radts\u00e1got a tapasztalt dolgoz\u00f3k ism\u00e9tl\u0151d\u00e9s\u00e9nek elker\u00fcl\u00e9se r\u00e9v\u00e9n<\/li>\n\n\n\n<li>N\u00f6veli a bizalmat \u00e9s a sikeress\u00e9gi ar\u00e1nyt az \u00faj alkalmazottak k\u00f6r\u00e9ben<\/li>\n\n\n\n<li>T\u00e1mogatja a k\u00fcl\u00f6nb\u00f6z\u0151 tanul\u00e1si st\u00edlusokat \u00e9s a kognit\u00edv hozz\u00e1f\u00e9rhet\u0151s\u00e9get<\/li>\n<\/ul>\n\n\n\n<p><strong>P\u00e9lda:<\/strong> Egy, a g\u00e9pbe\u00e1ll\u00edt\u00e1sban j\u00e1ratlan kezel\u0151 r\u00e9szletes vide\u00f3t l\u00e1that megjegyz\u00e9sekkel, m\u00edg egy veter\u00e1n csak egy \u00f6sszefoglal\u00f3 ellen\u0151rz\u0151 list\u00e1t. A platform automatikusan alkalmazkodik.<\/p>\n\n\n\n<p>Ezek a k\u00e9pess\u00e9gek nem csak a termel\u00e9kenys\u00e9get n\u00f6velik - a frontvonalbeli munk\u00e1t inkluz\u00edvabb\u00e1, felhaszn\u00e1l\u00f3bar\u00e1tabb\u00e1 \u00e9s sk\u00e1l\u00e1zhat\u00f3bb\u00e1 teszik.<\/p>\n\n\n\n<h2 class=\"wp-block-heading\" id=\"auditing-and-maintaining-work-instructions\"><strong>A munkautas\u00edt\u00e1sok ellen\u0151rz\u00e9se \u00e9s karbantart\u00e1sa<\/strong><\/h2>\n\n\n\n<p>A munkautas\u00edt\u00e1sok rendszeres ellen\u0151rz\u00e9se alapvet\u0151 fontoss\u00e1g\u00fa annak biztos\u00edt\u00e1sa \u00e9rdek\u00e9ben, hogy azok pontosak, hat\u00e9konyak \u00e9s az aktu\u00e1lis m\u0171k\u00f6d\u00e9si realit\u00e1sokhoz igazodnak. A folyamatok, berendez\u00e9sek, el\u0151\u00edr\u00e1sok \u00e9s a munkaer\u0151 \u00f6sszet\u00e9tel\u00e9nek fejl\u0151d\u00e9s\u00e9vel az egykor megb\u00edzhat\u00f3nak t\u0171n\u0151 utas\u00edt\u00e1sok gyorsan elavultt\u00e1 vagy f\u00e9lrevezet\u0151v\u00e9 v\u00e1lhatnak. Az auditok seg\u00edtenek felder\u00edteni ezeket a probl\u00e9m\u00e1kat, miel\u0151tt hib\u00e1khoz, \u00e1ll\u00e1sid\u0151h\u00f6z vagy a szab\u00e1lyok be nem tart\u00e1s\u00e1hoz vezetn\u00e9nek. Emellett struktur\u00e1lt lehet\u0151s\u00e9get biztos\u00edtanak a frontvonal visszajelz\u00e9seinek \u00f6sszegy\u0171jt\u00e9s\u00e9re, a felhaszn\u00e1l\u00e1si trendek nyomon k\u00f6vet\u00e9s\u00e9re \u00e9s annak \u00e9rt\u00e9kel\u00e9s\u00e9re, hogy az utas\u00edt\u00e1sokat k\u00f6vetkezetesen k\u00f6vetik-e. Az utas\u00edt\u00e1sauditok folyamatos fejleszt\u00e9si ciklusokba val\u00f3 be\u00e1gyaz\u00e1s\u00e1val a v\u00e1llalatok megv\u00e9dik mind a m\u0171k\u00f6d\u00e9si integrit\u00e1st, mind az alkalmazottak bizalm\u00e1t.<\/p>\n\n\n\n<h3 class=\"wp-block-heading\" id=\"work-instruction-audit-checklist\"><strong>Munkautas\u00edt\u00e1s ellen\u0151rz\u00e9si ellen\u0151rz\u0151lista<\/strong><\/h3>\n\n\n\n<p>Az utas\u00edt\u00e1sok pontoss\u00e1g\u00e1nak \u00e9s hasznoss\u00e1g\u00e1nak meg\u0151rz\u00e9se \u00e9rdek\u00e9ben rendszeres fel\u00fclvizsg\u00e1lati elj\u00e1r\u00e1st alkalmazzon:<\/p>\n\n\n\n<p><strong>Negyed\u00e9ves fel\u00fclvizsg\u00e1lati ellen\u0151rz\u0151lista:<\/strong><\/p>\n\n\n\n<ol class=\"wp-block-list\">\n<li>Az utas\u00edt\u00e1s kapcsol\u00f3dik egy aktu\u00e1lis SOP-hoz vagy k\u00f6vetelm\u00e9nyhez?<\/li>\n\n\n\n<li>A c\u00edm, a szerz\u0151 \u00e9s a verzi\u00f3 egy\u00e9rtelm\u0171en dokument\u00e1lva van?<\/li>\n\n\n\n<li>A vizu\u00e1lis elemek jelen vannak \u00e9s relev\u00e1nsak?<\/li>\n\n\n\n<li>A biztons\u00e1gi figyelmeztet\u00e9sek pontosak \u00e9s l\u00e1that\u00f3ak?<\/li>\n\n\n\n<li>A folyamat m\u00e9g mindig \u00e9rv\u00e9nyes \u00e9s v\u00e1ltozatlan?<\/li>\n\n\n\n<li>Tartalmazz\u00e1k a min\u0151s\u00e9gellen\u0151rz\u00e9si pontokat?<\/li>\n\n\n\n<li>Megfelel\u0151-e a nyelv a munkaer\u0151 sz\u00e1m\u00e1ra?<\/li>\n\n\n\n<li>Az utas\u00edt\u00e1st fel\u00fclvizsg\u00e1lta-e egy kkv \u00e9s egy fel\u00fcgyel\u0151?<\/li>\n\n\n\n<li>\u00d6sszegy\u0171jt\u00f6tt\u00e9k-e a munkav\u00e1llal\u00f3k visszajelz\u00e9seit, \u00e9s foglalkoztak-e vel\u00fck?<\/li>\n\n\n\n<li>Biztons\u00e1gos \u00e9s ellen\u0151rz\u00f6tt a hozz\u00e1f\u00e9r\u00e9s?<\/li>\n\n\n\n<li>Napl\u00f3zz\u00e1k a k\u00e9pz\u00e9s befejez\u00e9s\u00e9t?<\/li>\n\n\n\n<li>Haszn\u00e1lt\u00e1k-e az utas\u00edt\u00e1st az ellen\u0151rz\u00e9sek vagy az esem\u00e9nyek fel\u00fclvizsg\u00e1lata sor\u00e1n?<\/li>\n\n\n\n<li>A v\u00e1ltoz\u00e1sok dokument\u00e1ltak \u00e9s nyomon k\u00f6vethet\u0151k?<\/li>\n<\/ol>\n\n\n\n<p>Ha id\u0151t sz\u00e1n az utas\u00edt\u00e1sok audit\u00e1l\u00e1s\u00e1ra, az seg\u00edt abban, hogy azok \u00e9l\u0151 eszk\u00f6z maradjanak, ne pedig egy elfelejtett dokumentum.<\/p>\n\n\n\n<h2 class=\"wp-block-heading\" id=\"conclusion\"><strong>K\u00f6vetkeztet\u00e9s<\/strong><\/h2>\n\n\n\n<p>A munkautas\u00edt\u00e1sok t\u00f6bb mint egyszer\u0171 utas\u00edt\u00e1sok - ezek hidat k\u00e9peznek a folyamattervez\u00e9s \u00e9s a val\u00f3s v\u00e9grehajt\u00e1s k\u00f6z\u00f6tt. Ha j\u00f3l meg\u00edrj\u00e1k \u00e9s be\u00e9p\u00edtik a mindennapi rutinokba, k\u00e9pess\u00e9 teszik a munkaer\u0151t, cs\u00f6kkentik a hib\u00e1kat, jav\u00edtj\u00e1k a biztons\u00e1got, \u00e9s t\u00e1mogatj\u00e1k a nemzetk\u00f6zi szabv\u00e1nyoknak val\u00f3 megfelel\u00e9st.<\/p>\n\n\n\n<p>Digit\u00e1lis eszk\u00f6z\u00f6kkel \u00e9s a folyamatos fejleszt\u00e9s kult\u00far\u00e1j\u00e1val a munkautas\u00edt\u00e1sok dinamikus, rugalmasan reag\u00e1l\u00f3 eszk\u00f6z\u00f6kk\u00e9 fejl\u0151dhetnek, amelyek egy\u00fctt n\u0151nek a szervezet\u00e9vel. Seg\u00edtenek a tud\u00e1st cselekv\u00e9ss\u00e9 alak\u00edtani, valamint rugalmasan \u00e9s a j\u00f6v\u0151re k\u00e9szen tartani a m\u0171veleteket.<\/p>\n\n\n\n<p>A jobb munkautas\u00edt\u00e1sokba val\u00f3 befektet\u00e9s nem csak a dokument\u00e1ci\u00f3r\u00f3l sz\u00f3l, hanem a m\u0171k\u00f6d\u00e9si kiv\u00e1l\u00f3s\u00e1gr\u00f3l, a munkav\u00e1llal\u00f3k felhatalmaz\u00e1s\u00e1r\u00f3l \u00e9s a hossz\u00fa t\u00e1v\u00fa \u00fczleti sikerr\u0151l is.<\/p>\n\n\n\n<h2 class=\"wp-block-heading\" id=\"glossary\"><strong>Fogalomt\u00e1r<\/strong><\/h2>\n\n\n\n<ul class=\"wp-block-list\">\n<li><strong>Munkautas\u00edt\u00e1s<\/strong> - Feladatspecifikus \u00fatmutat\u00f3, amely pontosan elmagyar\u00e1zza, hogyan kell elv\u00e9gezni egy feladatot vagy l\u00e9p\u00e9st, gyakran vizu\u00e1lis vagy vide\u00f3s form\u00e1ban. A v\u00e9grehajt\u00e1s hely\u00e9hez legk\u00f6zelebb \u00e9l.<\/li>\n\n\n\n<li><strong>SOP (szabv\u00e1nyos m\u0171k\u00f6d\u00e9si elj\u00e1r\u00e1s)<\/strong> - Folyamatszint\u0171 dokumentum, amely le\u00edrja, hogy mit \u00e9s mi\u00e9rt kell tenni. A munkautas\u00edt\u00e1sok gyakran t\u00e1mogatj\u00e1k a SOP-ok v\u00e9grehajt\u00e1s\u00e1t.<\/li>\n\n\n\n<li><strong>Ellen\u0151rz\u0151 lista<\/strong> - A feladat elv\u00e9gz\u00e9s\u00e9nek ellen\u0151rz\u00e9s\u00e9re haszn\u00e1lt eszk\u00f6z, amely gyakran a min\u0151s\u00e9gi vagy biztons\u00e1gi folyamat r\u00e9sze.<\/li>\n\n\n\n<li><strong>Formanyomtatv\u00e1ny<\/strong> - A feladat v\u00e9grehajt\u00e1sa sor\u00e1n vagy azt k\u00f6vet\u0151en az adatok r\u00f6gz\u00edt\u00e9s\u00e9re vagy r\u00f6gz\u00edt\u00e9s\u00e9re haszn\u00e1lt dokumentum (pl. k\u00e9pz\u00e9si al\u00e1\u00edr\u00e1sok, karbantart\u00e1si napl\u00f3k).<\/li>\n\n\n\n<li><strong>KKV (t\u00e1rgyi szak\u00e9rt\u0151)<\/strong> - Egy adott feladat vagy folyamat m\u00e9lyrehat\u00f3 ismeret\u00e9vel rendelkez\u0151 szem\u00e9ly, aki a munkautas\u00edt\u00e1s tartalm\u00e1nak \u00e9rv\u00e9nyes\u00edt\u00e9s\u00e9\u00e9rt felel\u0151s.<\/li>\n\n\n\n<li><strong>First-Pass Yield (FPY)<\/strong> - Az ut\u00f3munka n\u00e9lk\u00fcl helyesen gy\u00e1rtott egys\u00e9gek sz\u00e1zal\u00e9kos ar\u00e1nya. Az oktat\u00e1s hat\u00e9konys\u00e1g\u00e1hoz kapcsol\u00f3d\u00f3 kulcsfontoss\u00e1g\u00fa m\u00e9r\u0151sz\u00e1m.<\/li>\n\n\n\n<li><strong>\u00c1tdolgoz\u00e1s<\/strong> - Egy term\u00e9ken vagy folyamaton hiba vagy hi\u00e1nyoss\u00e1g miatt v\u00e9gzett jav\u00edt\u00e1sok. Gyakran nem egy\u00e9rtelm\u0171 vagy pontatlan utas\u00edt\u00e1sokhoz kapcsol\u00f3dik.<\/li>\n\n\n\n<li><strong>Selejtez\u00e9si ar\u00e1ny<\/strong> - A hiba miatt selejtezett anyagok ar\u00e1nya. Ennek cs\u00f6kkent\u00e9se gyakran az egy\u00e9rtelm\u0171bb utas\u00edt\u00e1sok el\u0151nye.<\/li>\n\n\n\n<li><strong>ERP (v\u00e1llalati er\u0151forr\u00e1s-tervez\u00e9s)<\/strong> - Olyan rendszer, amely az eg\u00e9sz v\u00e1llalatra kiterjed\u0151 er\u0151forr\u00e1sokat \u00e9s m\u0171veleteket kezel. Integr\u00e1lhat\u00f3 az utas\u00edt\u00e1si platformokkal a nyomon k\u00f6vethet\u0151s\u00e9g \u00e9rdek\u00e9ben.<\/li>\n\n\n\n<li><strong>MES (Manufacturing Execution System)<\/strong> - Nyomon k\u00f6veti \u00e9s dokument\u00e1lja a nyersanyagok k\u00e9szterm\u00e9kk\u00e9 t\u00f6rt\u00e9n\u0151 \u00e1talakul\u00e1s\u00e1t. Szinkroniz\u00e1l az utas\u00edt\u00e1sokkal a v\u00e9grehajt\u00e1s ir\u00e1ny\u00edt\u00e1sa \u00e9rdek\u00e9ben.<\/li>\n\n\n\n<li><strong>LMS (Learning Management System)<\/strong> - A k\u00e9pz\u00e9si tartalmak, k\u00f6zt\u00fck a munkautas\u00edt\u00e1sok \u00e1tad\u00e1s\u00e1ra \u00e9s nyomon k\u00f6vet\u00e9s\u00e9re haszn\u00e1lt szoftver.<\/li>\n\n\n\n<li><strong>AR (kiterjesztett val\u00f3s\u00e1g)<\/strong> - Olyan technol\u00f3gia, amely az oktat\u00e1si tartalmat val\u00f3s k\u00f6rnyezetre helyezi, gyakran szem\u00fcveg vagy t\u00e1blag\u00e9p seg\u00edts\u00e9g\u00e9vel.<\/li>\n\n\n\n<li><strong>AI (mesters\u00e9ges intelligencia)<\/strong> - Seg\u00edthet az utas\u00edt\u00e1sok l\u00e9trehoz\u00e1s\u00e1nak automatiz\u00e1l\u00e1s\u00e1ban, a szem\u00e9lyre szab\u00e1sban vagy a teljes\u00edtm\u00e9nyelemz\u00e9sben.<\/li>\n\n\n\n<li><strong>IoT (a dolgok internete)<\/strong> - \u00d6sszekapcsolja a berendez\u00e9seket \u00e9s eszk\u00f6z\u00f6ket, hogy a g\u00e9pi felt\u00e9telek alapj\u00e1n utas\u00edt\u00e1sfriss\u00edt\u00e9seket ind\u00edtson el.<\/li>\n\n\n\n<li><strong>Verzi\u00f3ellen\u0151rz\u00e9s<\/strong> - Az utas\u00edt\u00e1sok m\u00f3dos\u00edt\u00e1sainak kezel\u00e9s\u00e9nek folyamata, amely biztos\u00edtja, hogy csak a legutols\u00f3 j\u00f3v\u00e1hagyott v\u00e1ltozatot haszn\u00e1lj\u00e1k.<\/li>\n\n\n\n<li><strong>Ellen\u0151rz\u00e9si nyomvonal<\/strong> - Az utas\u00edt\u00e1shoz val\u00f3 hozz\u00e1f\u00e9r\u00e9s, a m\u00f3dos\u00edt\u00e1sok \u00e9s j\u00f3v\u00e1hagy\u00e1sok napl\u00f3ja, amelyet a megfelel\u0151s\u00e9g nyomon k\u00f6vet\u00e9s\u00e9re haszn\u00e1lnak.<\/li>\n\n\n\n<li><strong>Kaizen<\/strong> - Folyamatos fejleszt\u00e9si m\u00f3dszertan, ahol az \u00fczemeltet\u0151k gyakran seg\u00edtenek a munkautas\u00edt\u00e1sok jav\u00edt\u00e1s\u00e1ban.<\/li>\n\n\n\n<li><strong>Gemba s\u00e9ta<\/strong> - Olyan gyakorlat, amelyben a fel\u00fcgyel\u0151k megfigyelik a frontvonalbeli munk\u00e1t, hogy biztos\u00edts\u00e1k a t\u00e9nyleges gyakorlat \u00e9s a dokument\u00e1ci\u00f3 k\u00f6z\u00f6tti \u00f6sszhangot.<\/li>\n\n\n\n<li><strong>Lokaliz\u00e1ci\u00f3<\/strong> - Az utas\u00edt\u00e1sok k\u00fcl\u00f6nb\u00f6z\u0151 nyelvekhez \u00e9s kultur\u00e1lis norm\u00e1khoz val\u00f3 igaz\u00edt\u00e1sa a jobb meg\u00e9rt\u00e9s \u00e9rdek\u00e9ben.<\/li>\n\n\n\n<li><strong>Adapt\u00edv oktat\u00e1s<\/strong> - Olyan rendszer, amely a felhaszn\u00e1l\u00f3 k\u00e9pess\u00e9gei, teljes\u00edtm\u00e9nye vagy nyelvi ig\u00e9nyei alapj\u00e1n m\u00f3dos\u00edtja az oktat\u00e1s tartalm\u00e1t.<\/li>\n\n\n\n<li><strong>Digit\u00e1lis munkautas\u00edt\u00e1s (DWI)<\/strong> - B\u00e1rmilyen elektronikusan \u00e1tadott munkautas\u00edt\u00e1s - gyakran interakt\u00edv, vide\u00f3alap\u00fa \u00e9s verzi\u00f3vez\u00e9relt.<\/li>\n\n\n\n<li><strong>T\u00f6rzsi tud\u00e1s<\/strong> - A tapasztalt alkalmazottak \u00e1ltal birtokolt \u00edratlan, inform\u00e1lis tud\u00e1s, amelyet hivatalos dokument\u00e1ci\u00f3 nem r\u00f6gz\u00edt.<\/li>\n\n\n\n<li><strong>Be\u00e9p\u00edt\u00e9s<\/strong> - Az \u00faj munkav\u00e1llal\u00f3 beilleszked\u00e9s\u00e9nek struktur\u00e1lt, gyakran munkautas\u00edt\u00e1sokkal t\u00e1mogatott folyamata.<\/li>\n\n\n\n<li><strong>K\u00e9pess\u00e9g m\u00e1trix<\/strong> - Olyan eszk\u00f6z, amely felt\u00e9rk\u00e9pezi a munkav\u00e1llal\u00f3k k\u00e9pess\u00e9geit \u00e9s azonos\u00edtja a munkautas\u00edt\u00e1sokhoz kapcsol\u00f3d\u00f3 k\u00e9pz\u00e9si ig\u00e9nyeket.<\/li>\n\n\n\n<li><strong>Job Shadowing<\/strong> - Olyan inform\u00e1lis k\u00e9pz\u00e9si m\u00f3dszer, amelynek sor\u00e1n az \u00faj alkalmazott megfigyeli egy veter\u00e1n munkat\u00e1rsat a feladat elv\u00e9gz\u00e9s\u00e9ben - gyakran videoutas\u00edt\u00e1sokkal helyettes\u00edtve vagy kieg\u00e9sz\u00edtve.<\/li>\n\n\n\n<li><strong>Standard munka<\/strong> - Dokument\u00e1lt, megism\u00e9telhet\u0151 m\u00f3dszer egy feladat leghat\u00e9konyabb \u00e9s legbiztons\u00e1gosabb m\u00f3don t\u00f6rt\u00e9n\u0151 elv\u00e9gz\u00e9s\u00e9re, amelyet gyakran munkautas\u00edt\u00e1sok t\u00e1mogatnak.<\/li>\n\n\n\n<li><strong>Ipari k\u00e9pz\u00e9s (TWI)<\/strong> - Alapvet\u0151 megk\u00f6zel\u00edt\u00e9s a Lean gy\u00e1rt\u00e1s ter\u00fclet\u00e9n, amely a szabv\u00e1nyos munka \u00e9s a hat\u00e9kony oktat\u00e1stan\u00edt\u00e1s tan\u00edt\u00e1s\u00e1ra \u00f6sszpontos\u00edt.<\/li>\n\n\n\n<li><strong>\u00c1t\u00e1ll\u00e1s (SMED)<\/strong> - Az egyik term\u00e9ksorozatr\u00f3l a m\u00e1sikra val\u00f3 \u00e1t\u00e1ll\u00e1s folyamata; a hat\u00e9kony \u00e1t\u00e1ll\u00e1shoz gyakran r\u00e9szletes utas\u00edt\u00e1sokra van sz\u00fcks\u00e9g.<\/li>\n\n\n\n<li><strong>Elt\u00e9r\u00e9s<\/strong> - Az elv\u00e1rt folyamatt\u00f3l val\u00f3 elt\u00e9r\u00e9s; a rossz vagy hi\u00e1nyz\u00f3 utas\u00edt\u00e1sok gyakori kiv\u00e1lt\u00f3 okok.<\/li>\n\n\n\n<li><strong>CAPA (helyesb\u00edt\u0151 \u00e9s megel\u0151z\u0151 int\u00e9zked\u00e9sek)<\/strong> - A min\u0151s\u00e9gbiztos\u00edt\u00e1si rendszer folyamata a nem megfelel\u0151s\u00e9gek okainak kezel\u00e9s\u00e9re \u00e9s megsz\u00fcntet\u00e9s\u00e9re, ami gyakran utas\u00edt\u00e1sfriss\u00edt\u00e9seket v\u00e1lt ki.<\/li>\n\n\n\n<li><strong>Digit\u00e1lis ikertestv\u00e9r<\/strong> - Egy fizikai term\u00e9k, folyamat vagy rendszer virtu\u00e1lis m\u00e1solata, amely a val\u00f3s vil\u00e1gbeli teljes\u00edtm\u00e9ny szimul\u00e1l\u00e1s\u00e1ra \u00e9s optimaliz\u00e1l\u00e1s\u00e1ra haszn\u00e1lhat\u00f3, gyakran digit\u00e1lis utas\u00edt\u00e1sokkal egy\u00fctt.<\/li>\n\n\n\n<li><strong>SOP elt\u00e9r\u00e9si napl\u00f3<\/strong> - A dokument\u00e1lt SOP-okt\u00f3l vagy utas\u00edt\u00e1sokt\u00f3l val\u00f3 kiv\u00e9telek vagy elt\u00e9r\u00e9sek nyilv\u00e1ntart\u00e1sa, amelyet gyakran auditok vagy incidensek kivizsg\u00e1l\u00e1sa sor\u00e1n vizsg\u00e1lnak fel\u00fcl.<\/li>\n\n\n\n<li><strong>Utas\u00edt\u00e1s Audit<\/strong> - Hivatalos fel\u00fclvizsg\u00e1lati folyamat a megl\u00e9v\u0151 munkautas\u00edt\u00e1sok relevanci\u00e1j\u00e1nak, pontoss\u00e1g\u00e1nak \u00e9s haszn\u00e1lat\u00e1nak \u00e9rv\u00e9nyes\u00edt\u00e9s\u00e9re.<\/li>\n\n\n\n<li><strong>Utas\u00edt\u00e1s Ir\u00e1ny\u00edt\u00e1s<\/strong> - Az utas\u00edt\u00e1sok l\u00e9trehoz\u00e1s\u00e1\u00e9rt, j\u00f3v\u00e1hagy\u00e1s\u00e1\u00e9rt, friss\u00edt\u00e9s\u00e9\u00e9rt \u00e9s visszavon\u00e1s\u00e1\u00e9rt felel\u0151s szerepk\u00f6r\u00f6k, ir\u00e1nyelvek \u00e9s munkafolyamatok \u00f6sszess\u00e9ge.<\/li>\n\n\n\n<li><strong>Felhaszn\u00e1l\u00e1si pont (PoU)<\/strong> - Az a pontos hely, ahol az utas\u00edt\u00e1sokat a feladat v\u00e9grehajt\u00e1sa sor\u00e1n el\u00e9rik (pl. a g\u00e9pen, a munka\u00e1llom\u00e1son vagy az AR-interf\u00e9szen kereszt\u00fcl).<\/li>\n\n\n\n<li><strong>Feladatelemz\u00e9s<\/strong> - Egy munka kisebb l\u00e9p\u00e9sekre bont\u00e1sa a feladat elv\u00e9gz\u00e9s\u00e9nek \u00e9s dokument\u00e1l\u00e1s\u00e1nak legjobb m\u00f3dj\u00e1nak meghat\u00e1roz\u00e1sa \u00e9rdek\u00e9ben - gyakran az utas\u00edt\u00e1sok elk\u00e9sz\u00edt\u00e9s\u00e9nek el\u0151fut\u00e1ra.<\/li>\n\n\n\n<li><strong>Munkautas\u00edt\u00e1s sablon<\/strong> - El\u0151re meghat\u00e1rozott strukt\u00fara az utas\u00edt\u00e1sok l\u00e9trehoz\u00e1s\u00e1hoz, amely biztos\u00edtja a form\u00e1z\u00e1s \u00e9s a tartalom egys\u00e9gess\u00e9g\u00e9t.<\/li>\n<\/ul>","protected":false},"excerpt":{"rendered":"<p>In today&#8217;s fast-moving manufacturing world, one thing remains constant: the need for clear, consistent guidance on how to perform tasks correctly. That is where work instructions come in. They serve as the last-mile connection between planning and execution, turning complex processes into understandable steps for frontline workers. This guide is designed to help you understand [&hellip;]<\/p>\n","protected":false},"author":2,"featured_media":14360,"comment_status":"closed","ping_status":"closed","sticky":false,"template":"","format":"standard","meta":{"content-type":"","_uag_custom_page_level_css":"","site-sidebar-layout":"default","site-content-layout":"","ast-site-content-layout":"narrow-width-container","site-content-style":"default","site-sidebar-style":"default","ast-global-header-display":"","ast-banner-title-visibility":"","ast-main-header-display":"","ast-hfb-above-header-display":"","ast-hfb-below-header-display":"","ast-hfb-mobile-header-display":"","site-post-title":"","ast-breadcrumbs-content":"","ast-featured-img":"","footer-sml-layout":"","ast-disable-related-posts":"","theme-transparent-header-meta":"","adv-header-id-meta":"","stick-header-meta":"","header-above-stick-meta":"","header-main-stick-meta":"","header-below-stick-meta":"","astra-migrate-meta-layouts":"set","ast-page-background-enabled":"default","ast-page-background-meta":{"desktop":{"background-color":"","background-image":"","background-repeat":"repeat","background-position":"center center","background-size":"auto","background-attachment":"scroll","background-type":"","background-media":"","overlay-type":"","overlay-color":"","overlay-opacity":"","overlay-gradient":""},"tablet":{"background-color":"","background-image":"","background-repeat":"repeat","background-position":"center center","background-size":"auto","background-attachment":"scroll","background-type":"","background-media":"","overlay-type":"","overlay-color":"","overlay-opacity":"","overlay-gradient":""},"mobile":{"background-color":"","background-image":"","background-repeat":"repeat","background-position":"center center","background-size":"auto","background-attachment":"scroll","background-type":"","background-media":"","overlay-type":"","overlay-color":"","overlay-opacity":"","overlay-gradient":""}},"ast-content-background-meta":{"desktop":{"background-color":"var(--ast-global-color-5)","background-image":"","background-repeat":"repeat","background-position":"center center","background-size":"auto","background-attachment":"scroll","background-type":"","background-media":"","overlay-type":"","overlay-color":"","overlay-opacity":"","overlay-gradient":""},"tablet":{"background-color":"var(--ast-global-color-5)","background-image":"","background-repeat":"repeat","background-position":"center center","background-size":"auto","background-attachment":"scroll","background-type":"","background-media":"","overlay-type":"","overlay-color":"","overlay-opacity":"","overlay-gradient":""},"mobile":{"background-color":"var(--ast-global-color-5)","background-image":"","background-repeat":"repeat","background-position":"center center","background-size":"auto","background-attachment":"scroll","background-type":"","background-media":"","overlay-type":"","overlay-color":"","overlay-opacity":"","overlay-gradient":""}},"wds_primary_category":0,"footnotes":""},"categories":[865],"tags":[7,54],"post_folder":[],"class_list":["post-14352","post","type-post","status-publish","format-standard","has-post-thumbnail","hentry","category-effective-work-instructions","tag-manufacturing","tag-work-instructions"],"uagb_featured_image_src":{"full":["https:\/\/rewo.io\/wp-content\/uploads\/2025\/06\/WIA1-cover.jpg",1310,873,false],"thumbnail":["https:\/\/rewo.io\/wp-content\/uploads\/2025\/06\/WIA1-cover-150x150.jpg",150,150,true],"medium":["https:\/\/rewo.io\/wp-content\/uploads\/2025\/06\/WIA1-cover-300x200.jpg",300,200,true],"medium_large":["https:\/\/rewo.io\/wp-content\/uploads\/2025\/06\/WIA1-cover-768x512.jpg",768,512,true],"large":["https:\/\/rewo.io\/wp-content\/uploads\/2025\/06\/WIA1-cover-1024x682.jpg",1024,682,true],"1536x1536":["https:\/\/rewo.io\/wp-content\/uploads\/2025\/06\/WIA1-cover.jpg",1310,873,false],"2048x2048":["https:\/\/rewo.io\/wp-content\/uploads\/2025\/06\/WIA1-cover.jpg",1310,873,false],"trp-custom-language-flag":["https:\/\/rewo.io\/wp-content\/uploads\/2025\/06\/WIA1-cover-18x12.jpg",18,12,true]},"uagb_author_info":{"display_name":"VIAR","author_link":"https:\/\/rewo.io\/hu\/author\/viar\/"},"uagb_comment_info":0,"uagb_excerpt":"In today&#8217;s fast-moving manufacturing world, one thing remains constant: the need for clear, consistent guidance on how to perform tasks correctly. That is where work instructions come in. They serve as the last-mile connection between planning and execution, turning complex processes into understandable steps for frontline workers. This guide is designed to help you understand&hellip;","_links":{"self":[{"href":"https:\/\/rewo.io\/hu\/wp-json\/wp\/v2\/posts\/14352","targetHints":{"allow":["GET"]}}],"collection":[{"href":"https:\/\/rewo.io\/hu\/wp-json\/wp\/v2\/posts"}],"about":[{"href":"https:\/\/rewo.io\/hu\/wp-json\/wp\/v2\/types\/post"}],"author":[{"embeddable":true,"href":"https:\/\/rewo.io\/hu\/wp-json\/wp\/v2\/users\/2"}],"replies":[{"embeddable":true,"href":"https:\/\/rewo.io\/hu\/wp-json\/wp\/v2\/comments?post=14352"}],"version-history":[{"count":0,"href":"https:\/\/rewo.io\/hu\/wp-json\/wp\/v2\/posts\/14352\/revisions"}],"wp:featuredmedia":[{"embeddable":true,"href":"https:\/\/rewo.io\/hu\/wp-json\/wp\/v2\/media\/14360"}],"wp:attachment":[{"href":"https:\/\/rewo.io\/hu\/wp-json\/wp\/v2\/media?parent=14352"}],"wp:term":[{"taxonomy":"category","embeddable":true,"href":"https:\/\/rewo.io\/hu\/wp-json\/wp\/v2\/categories?post=14352"},{"taxonomy":"post_tag","embeddable":true,"href":"https:\/\/rewo.io\/hu\/wp-json\/wp\/v2\/tags?post=14352"},{"taxonomy":"post_folder","embeddable":true,"href":"https:\/\/rewo.io\/hu\/wp-json\/wp\/v2\/post_folder?post=14352"}],"curies":[{"name":"wp","href":"https:\/\/api.w.org\/{rel}","templated":true}]}}