{"id":8709,"date":"2020-08-11T10:41:38","date_gmt":"2020-08-11T10:41:38","guid":{"rendered":"https:\/\/www.unity.si\/cross-training-in-manufacturing-what-is-it-and-why-it-is-important\/"},"modified":"2021-03-19T09:01:52","modified_gmt":"2021-03-19T09:01:52","slug":"keresztkepzes-a-gyartasban-mi-az-es-miert-fontos","status":"publish","type":"post","link":"https:\/\/rewo.io\/hu\/cross-training-in-manufacturing-what-is-it-and-why-it-is-important\/","title":{"rendered":"Keresztk\u00e9pz\u00e9s a gy\u00e1rt\u00e1sban - Mi az \u00e9s mi\u00e9rt fontos?"},"content":{"rendered":"<p>A keresztk\u00e9pz\u00e9s az \u00fczleti m\u0171veletekben, m\u00e1s n\u00e9ven multiskilling, a v\u00e1ltoz\u00f3 termel\u00e9si \u00fctemtervekre val\u00f3 rugalmas reag\u00e1l\u00e1sra val\u00f3 k\u00e9pz\u00e9st jelenti. A keresztk\u00e9pz\u00e9s c\u00e9lja egyszer\u0171en az, hogy a v\u00e1llalaton bel\u00fcl mindenki k\u00e9pess\u00e9gei fejl\u0151djenek. \u00cdgy mindenki jobban meg\u00e9rti, hogy pontosan mi sz\u00fcks\u00e9ges a v\u00e1llalkoz\u00e1s m\u0171k\u00f6dtet\u00e9s\u00e9hez. Az \u00f6tlet l\u00e9nyege, hogy a dolgoz\u00f3kat k\u00e9pess\u00e9 tegy\u00fck arra, hogy a v\u00e1llalaton bel\u00fclr\u0151l ny\u00fajtsanak t\u00e1mogat\u00e1st ahelyett, hogy kiszervezn\u00e9nk vagy t\u00falterheln\u00e9nk egy-egy dolgoz\u00f3i csoportot a hektikus id\u0151szakokban. <\/p>\n\n\n\n<p>A keresztk\u00e9pz\u00e9s szorosan kapcsol\u00f3dik a k\u00f6vetkez\u0151kh\u00f6z <a href=\"https:\/\/en.wikipedia.org\/wiki\/Cellular_manufacturing\" target=\"_blank\" rel=\"noreferrer noopener\">cell\u00e1s gy\u00e1rt\u00e1s<\/a>. A cross-training szoros partnere a <a href=\"https:\/\/www.industryweek.com\/talent\/engagement\/article\/21959752\/dos-and-donts-of-job-rotation\" target=\"_blank\" rel=\"noreferrer noopener\">munkak\u00f6ri rot\u00e1ci\u00f3<\/a>. Vagyis ahhoz, hogy egy t\u00f6bbsz\u00f6r\u00f6sen k\u00e9pzett munkav\u00e1llal\u00f3 meg\u0151rizze a k\u00e9pzetts\u00e9gi szintj\u00e9t, sz\u00fcks\u00e9ges, hogy a munkav\u00e1llal\u00f3 rendszeresen v\u00e1ltogassa az ezeket a k\u00e9pzetts\u00e9geket ig\u00e9nyl\u0151 munkak\u00f6r\u00f6ket. Ennek el\u00e9g gyakran kell t\u00f6rt\u00e9nnie ahhoz, hogy a k\u00e9szs\u00e9gek ne romoljanak.<\/p>\n\n\n\n<h2 class=\"wp-block-heading\">A keresztk\u00e9pz\u00e9s el\u0151nyei a gy\u00e1rt\u00e1sban<\/h2>\n\n\n\n<p>B\u00e1r a legt\u00f6bben \u00e9rt\u00e9kelj\u00fck a munk\u00e1nk bizonyos fok\u00fa kisz\u00e1m\u00edthat\u00f3s\u00e1g\u00e1t, azok az id\u0151k, amikor kilenct\u0151l \u00f6tig egy egyszer\u0171 feladatot v\u00e9gezt\u00fcnk, m\u00e1r majdnem a m\u00falt\u00e9. Term\u00e9szetesen szervezeti szinten a t\u00f6bbf\u00e9lek\u00e9ppen k\u00e9pzett munkaer\u0151 szint\u00e9n megnyitja az ajt\u00f3kat. \u00cdme n\u00e9h\u00e1ny kulcsfontoss\u00e1g\u00fa el\u0151ny, amelyet a gy\u00e1rt\u00f3k \u00e9lveznek, miut\u00e1n felkarolt\u00e1k a keresztk\u00e9pz\u00e9st alkalmazottaik sz\u00e1m\u00e1ra.<\/p>\n\n\n\n<h3 class=\"wp-block-heading\">Rugalmas id\u0151beoszt\u00e1s<\/h3>\n\n\n\n<p>Mivel a mai munk\u00e1k gyakran sz\u0171k hat\u00e1rid\u0151kkel j\u00e1rnak, a keresztbe k\u00e9pzett munkaer\u0151 nagyobb v\u00e1laszt\u00e1si lehet\u0151s\u00e9get biztos\u00edt \u00d6nnek az \u00fctemez\u00e9s ter\u00e9n. \u00c9s egy olyan beoszt\u00e1ssal, amely nem terheli t\u00fal az egyik vagy t\u00f6bb alkalmazottat, seg\u00edt megel\u0151zni a dolgoz\u00f3k ki\u00e9g\u00e9s\u00e9t is. \u00cdgy eg\u00e9szs\u00e9gesebb, boldogabb munkaer\u0151vel \u00e9s kevesebb hi\u00e1nyz\u00e1ssal sz\u00e1molhat.<\/p>\n\n\n\n<h3 class=\"wp-block-heading\">Folyamatfejleszt\u00e9sek<\/h3>\n\n\n\n<p>Az egym\u00e1st\u00f3l elk\u00fcl\u00f6n\u00fclten dolgoz\u00f3, sil\u00f3zott alkalmazottakkal gyakran szinte lehetetlen elk\u00e9pzelni a folyamatok jav\u00edt\u00e1s\u00e1t. Egy olyan, egym\u00e1st\u00f3l f\u00fcggetlen\u00fcl k\u00e9pzett munkaer\u0151vel, amelyet arra \u00f6szt\u00f6n\u00f6znek, hogy megossz\u00e1k egym\u00e1ssal a pazarl\u00e1s kik\u00fcsz\u00f6b\u00f6l\u00e9s\u00e9re \u00e9s a hat\u00e9konys\u00e1g n\u00f6vel\u00e9s\u00e9re vonatkoz\u00f3 \u00f6tleteiket, a folyamatfejleszt\u00e9sek sokkal k\u00f6nnyebben azonos\u00edthat\u00f3k \u00e9s megval\u00f3s\u00edthat\u00f3k.<\/p>\n\n\n\n<h3 class=\"wp-block-heading\">Munkav\u00e1llal\u00f3i elk\u00f6telezetts\u00e9g<\/h3>\n\n\n\n<p>Amikor a munkav\u00e1llal\u00f3k l\u00e1tj\u00e1k, hogy k\u00e9pess\u00e9geik fejl\u0151dnek, \u00e9s hogy egyn\u00e9l t\u00f6bb feladatk\u00f6rrel j\u00e1rulnak hozz\u00e1 a v\u00e1llalat siker\u00e9hez, \u00fagy \u00e9rzik, hogy a nagyobb k\u00e9p r\u00e9szei. \u00c9s amikor a dolgoz\u00f3k elk\u00f6telezetts\u00e9ge n\u0151, akkor az alkalmazottak megtart\u00e1si ar\u00e1nya is n\u0151, ami nagyban hozz\u00e1j\u00e1rul ahhoz, hogy a szervezet versenyk\u00e9pes maradjon a mai munkaer\u0151piacon.<\/p>\n\n\n\n<h3 class=\"wp-block-heading\">Jav\u00edtott szolg\u00e1ltat\u00e1s<\/h3>\n\n\n\n<p>Ha a gy\u00e1rt\u00f3sor le\u00e1ll, mert az a szem\u00e9ly, akire sz\u00fcks\u00e9ged van egy feladat elv\u00e9gz\u00e9s\u00e9hez, \u00e9ppen egy m\u00e1sik projekten dolgozik, a szolg\u00e1ltat\u00e1said szenvednek. M\u00e1sr\u00e9szt, ha t\u00f6bb szakk\u00e9pzett alkalmazottja van, akik sz\u00e1mos feladatra k\u00e9pesek, sokkal felk\u00e9sz\u00fcltebb arra, hogy jobb szolg\u00e1ltat\u00e1st ny\u00fajtson \u00fcgyfeleinek.<\/p>\n\n\n\n<h3 class=\"wp-block-heading\">Ut\u00f3dl\u00e1si tervez\u00e9s<\/h3>\n\n\n\n<p>Ahogy a v\u00e1llalkoz\u00e1s tagjai tanulnak egym\u00e1st\u00f3l, sokkal jobban t\u00e1j\u00e9koz\u00f3dhat arr\u00f3l is, hogy mely alkalmazottak a legfelk\u00e9sz\u00fcltebbek arra, hogy nagyobb felel\u0151ss\u00e9ggel j\u00e1r\u00f3 szerepekbe ker\u00fcljenek. Ez azt jelenti, hogy a keresztk\u00e9pz\u00e9ssel olyan tudatoss\u00e1gra is szert tesz, amely a strat\u00e9giai ut\u00f3dl\u00e1si tervez\u00e9s szempontj\u00e1b\u00f3l kulcsfontoss\u00e1g\u00fa.<\/p>\n\n\n\n<div class=\"wp-block-image\"><figure class=\"aligncenter size-large\"><img decoding=\"async\" width=\"1024\" height=\"835\" data-src=\"https:\/\/rewo.io\/wp-content\/uploads\/2020\/08\/worker-in-factory-production-line-1024x835.png\" alt=\"Egy gy\u00e1rt\u00e1si munk\u00e1s v\u00e1zlata egy keresztk\u00e9pz\u00e9si \u00fatmutat\u00f3ban\" class=\"wp-image-8715 lazyload\" data-srcset=\"https:\/\/rewo.io\/wp-content\/uploads\/2020\/08\/worker-in-factory-production-line-1024x835.png 1024w, https:\/\/rewo.io\/wp-content\/uploads\/2020\/08\/worker-in-factory-production-line-300x245.png 300w, https:\/\/rewo.io\/wp-content\/uploads\/2020\/08\/worker-in-factory-production-line-768x626.png 768w, https:\/\/rewo.io\/wp-content\/uploads\/2020\/08\/worker-in-factory-production-line.png 1280w\" data-sizes=\"(max-width: 1024px) 100vw, 1024px\" src=\"data:image\/svg+xml;base64,PHN2ZyB3aWR0aD0iMSIgaGVpZ2h0PSIxIiB4bWxucz0iaHR0cDovL3d3dy53My5vcmcvMjAwMC9zdmciPjwvc3ZnPg==\" style=\"--smush-placeholder-width: 1024px; --smush-placeholder-aspect-ratio: 1024\/835;\" \/><\/figure><\/div>\n\n\n\n<h2 class=\"wp-block-heading\">Vannak-e h\u00e1tr\u00e1nyai a keresztk\u00e9pz\u00e9snek?<\/h2>\n\n\n\n<p>Egyes munkav\u00e1llal\u00f3k a keresztk\u00e9pz\u00e9st t\u00f6bbletfeladatnak tekinthetik, amely\u00e9rt nem j\u00e1r t\u00f6bbletfizet\u00e9s. Fontos, hogy az egyes alkalmazottak er\u0151ss\u00e9geinek kihaszn\u00e1l\u00e1sa mellett a lehet\u0151 legjobban kiegyens\u00falyozza a munkaterhel\u00e9s\u00fcket.<\/p>\n\n\n\n<p>Persze, szeretn\u00e9 a lehet\u0151 legnagyobb termel\u00e9kenys\u00e9get kihozni alkalmazottaib\u00f3l, mik\u00f6zben a v\u00e9geredm\u00e9nyt is meg\u00f3vja, de a ki\u00e9g\u00e9s kock\u00e1zata nagy, ha t\u00fal sokat \u00e9s t\u00fal gyorsan adunk hozz\u00e1. Azt szeretn\u00e9, ha az alkalmazottak tudn\u00e1k, hogy \u00e9rt\u00e9keli a k\u00e9pess\u00e9geiket, nem pedig azt, hogy teher\u00e1llatk\u00e9nt tekint r\u00e1juk.<\/p>\n\n\n\n<p>Egy m\u00e1sik lehets\u00e9ges kock\u00e1zat az, hogy egy generalist\u00e1kkal teli v\u00e1llalatot \u00e9p\u00edt\u00fcnk. Ezek olyan alkalmazottak, akik sok mindenhez \u00e9rtenek egy kicsit, de egy dologhoz nem t\u00fal sokat. B\u00e1r ez nagyon hasznos lehet a hi\u00e1nyoss\u00e1gok p\u00f3tl\u00e1s\u00e1ban, amikor egy alkalmazott beteg (k\u00fcl\u00f6n\u00f6sen egy kis c\u00e9gn\u00e9l), fenn\u00e1ll a vesz\u00e9lye annak, hogy \u00fagy t\u0171nik, hogy az \u00d6n szakter\u00fclet\u00e9nek szak\u00e9rtelme egy m\u00e9rf\u00f6ld sz\u00e9les \u00e9s egy h\u00fcvelyk m\u00e9ly.<\/p>\n\n\n\n<h2 class=\"wp-block-heading\">Kezdje el a keresztk\u00e9pz\u00e9st a tud\u00e1s dokument\u00e1ci\u00f3j\u00e1nak rendbe t\u00e9tel\u00e9vel<\/h2>\n\n\n\n<p>A keresztk\u00e9pz\u00e9snek k\u00f6vetkezetesnek, tervezettnek \u00e9s szervezettnek kell lennie. Hat\u00e1rozza meg, hogy mi teszi sikeress\u00e9 a szerepet. Mit kell el\u00e9rni, \u00e9s milyen ismeretekre \u00e9s k\u00e9szs\u00e9gekre lesz sz\u00fcks\u00e9g? Legyen konkr\u00e9t. A keresztkik\u00e9pzett munkav\u00e1llal\u00f3nak pontosan tudnia kell, hogy az \u00faj munka mivel j\u00e1r, \u00e9s mit v\u00e1rnak el t\u0151le. Gondolkodjon egy olyan vide\u00f3dokument\u00e1ci\u00f3s eszk\u00f6z haszn\u00e1lat\u00e1n, mint p\u00e9ld\u00e1ul <a href=\"https:\/\/rewo.io\/hu\/\">REWO<\/a>. A vide\u00f3 bizony\u00edtottan t\u00f6bb inform\u00e1ci\u00f3t r\u00f6gz\u00edt r\u00f6videbb id\u0151 alatt, mik\u00f6zben egy\u00e9rtelm\u0171bb\u00e9 teszi, hogy mit v\u00e1rnak el a n\u00e9z\u0151t\u0151l.<\/p>\n\n\n\n<p>Innen kiindulva hat\u00e1rozza meg, hogy a folyamat vagy a l\u00e9p\u00e9sek pontosak-e. \u00c1ltal\u00e1ban a szerepk\u00f6rben l\u00e9v\u0151 szem\u00e9ly tudja \u00e9rv\u00e9nyes\u00edteni a folyamatot. Ha nem, akkor v\u00e9gezzen kiigaz\u00edt\u00e1sokat. Mint minden \u00faj folyamat, a dolgok n\u00e9h\u00e1ny ism\u00e9tl\u00e9s ut\u00e1n jobban m\u0171k\u00f6dnek.<\/p>\n\n\n\n<p>A c\u00e9l egy olyan terv kidolgoz\u00e1sa \u00e9s finomhangol\u00e1sa, amely k\u00f6vetkezetesen keresztkik\u00e9pzi a munkav\u00e1llal\u00f3kat egy-egy kritikus szerepk\u00f6r vagy konkr\u00e9t k\u00e9szs\u00e9g tekintet\u00e9ben. Ez a folyamat hasonl\u00f3 ahhoz, mint amikor <a href=\"https:\/\/rewo.io\/hu\/tomeges-munkaero-felvetel-a-termelesi-csucsok-miatt\/\">\u00faj munkav\u00e1llal\u00f3 beilleszt\u00e9se<\/a>.<\/p>\n\n\n\n<p><\/p>","protected":false},"excerpt":{"rendered":"<p>Cross-training in business operations, also known as multiskilling, involves training employees for a flexible response to changing production schedules. Cross-training simply aims to build the skills of everyone in the company. This way everyone better understands exactly what it takes to run the business. The idea is to empower employees to provide support from within [&hellip;]<\/p>\n","protected":false},"author":2,"featured_media":8714,"comment_status":"closed","ping_status":"closed","sticky":false,"template":"","format":"standard","meta":{"content-type":"","_uag_custom_page_level_css":"","site-sidebar-layout":"default","site-content-layout":"default","ast-site-content-layout":"default","site-content-style":"default","site-sidebar-style":"default","ast-global-header-display":"","ast-banner-title-visibility":"","ast-main-header-display":"","ast-hfb-above-header-display":"","ast-hfb-below-header-display":"","ast-hfb-mobile-header-display":"","site-post-title":"","ast-breadcrumbs-content":"","ast-featured-img":"","footer-sml-layout":"","ast-disable-related-posts":"","theme-transparent-header-meta":"default","adv-header-id-meta":"","stick-header-meta":"","header-above-stick-meta":"","header-main-stick-meta":"","header-below-stick-meta":"","astra-migrate-meta-layouts":"default","ast-page-background-enabled":"default","ast-page-background-meta":{"desktop":{"background-color":"","background-image":"","background-repeat":"repeat","background-position":"center center","background-size":"auto","background-attachment":"scroll","background-type":"","background-media":"","overlay-type":"","overlay-color":"","overlay-opacity":"","overlay-gradient":""},"tablet":{"background-color":"","background-image":"","background-repeat":"repeat","background-position":"center center","background-size":"auto","background-attachment":"scroll","background-type":"","background-media":"","overlay-type":"","overlay-color":"","overlay-opacity":"","overlay-gradient":""},"mobile":{"background-color":"","background-image":"","background-repeat":"repeat","background-position":"center center","background-size":"auto","background-attachment":"scroll","background-type":"","background-media":"","overlay-type":"","overlay-color":"","overlay-opacity":"","overlay-gradient":""}},"ast-content-background-meta":{"desktop":{"background-color":"var(--ast-global-color-5)","background-image":"","background-repeat":"repeat","background-position":"center center","background-size":"auto","background-attachment":"scroll","background-type":"","background-media":"","overlay-type":"","overlay-color":"","overlay-opacity":"","overlay-gradient":""},"tablet":{"background-color":"var(--ast-global-color-5)","background-image":"","background-repeat":"repeat","background-position":"center center","background-size":"auto","background-attachment":"scroll","background-type":"","background-media":"","overlay-type":"","overlay-color":"","overlay-opacity":"","overlay-gradient":""},"mobile":{"background-color":"var(--ast-global-color-5)","background-image":"","background-repeat":"repeat","background-position":"center center","background-size":"auto","background-attachment":"scroll","background-type":"","background-media":"","overlay-type":"","overlay-color":"","overlay-opacity":"","overlay-gradient":""}},"wds_primary_category":0,"footnotes":""},"categories":[40],"tags":[74,55,41],"post_folder":[],"class_list":["post-8709","post","type-post","status-publish","format-standard","has-post-thumbnail","hentry","category-training","tag-cross-training","tag-on-the-job-training","tag-training"],"uagb_featured_image_src":{"full":["https:\/\/rewo.io\/wp-content\/uploads\/2020\/08\/cross-training-two-workers.jpg",1920,1278,false],"thumbnail":["https:\/\/rewo.io\/wp-content\/uploads\/2020\/08\/cross-training-two-workers-150x150.jpg",150,150,true],"medium":["https:\/\/rewo.io\/wp-content\/uploads\/2020\/08\/cross-training-two-workers-300x200.jpg",300,200,true],"medium_large":["https:\/\/rewo.io\/wp-content\/uploads\/2020\/08\/cross-training-two-workers-768x511.jpg",768,511,true],"large":["https:\/\/rewo.io\/wp-content\/uploads\/2020\/08\/cross-training-two-workers-1024x682.jpg",1024,682,true],"1536x1536":["https:\/\/rewo.io\/wp-content\/uploads\/2020\/08\/cross-training-two-workers-1536x1022.jpg",1536,1022,true],"2048x2048":["https:\/\/rewo.io\/wp-content\/uploads\/2020\/08\/cross-training-two-workers.jpg",1920,1278,false],"trp-custom-language-flag":["https:\/\/rewo.io\/wp-content\/uploads\/2020\/08\/cross-training-two-workers.jpg",18,12,false]},"uagb_author_info":{"display_name":"VIAR","author_link":"https:\/\/rewo.io\/hu\/author\/viar\/"},"uagb_comment_info":0,"uagb_excerpt":"Cross-training in business operations, also known as multiskilling, involves training employees for a flexible response to changing production schedules. Cross-training simply aims to build the skills of everyone in the company. This way everyone better understands exactly what it takes to run the business. The idea is to empower employees to provide support from within&hellip;","_links":{"self":[{"href":"https:\/\/rewo.io\/hu\/wp-json\/wp\/v2\/posts\/8709","targetHints":{"allow":["GET"]}}],"collection":[{"href":"https:\/\/rewo.io\/hu\/wp-json\/wp\/v2\/posts"}],"about":[{"href":"https:\/\/rewo.io\/hu\/wp-json\/wp\/v2\/types\/post"}],"author":[{"embeddable":true,"href":"https:\/\/rewo.io\/hu\/wp-json\/wp\/v2\/users\/2"}],"replies":[{"embeddable":true,"href":"https:\/\/rewo.io\/hu\/wp-json\/wp\/v2\/comments?post=8709"}],"version-history":[{"count":0,"href":"https:\/\/rewo.io\/hu\/wp-json\/wp\/v2\/posts\/8709\/revisions"}],"wp:featuredmedia":[{"embeddable":true,"href":"https:\/\/rewo.io\/hu\/wp-json\/wp\/v2\/media\/8714"}],"wp:attachment":[{"href":"https:\/\/rewo.io\/hu\/wp-json\/wp\/v2\/media?parent=8709"}],"wp:term":[{"taxonomy":"category","embeddable":true,"href":"https:\/\/rewo.io\/hu\/wp-json\/wp\/v2\/categories?post=8709"},{"taxonomy":"post_tag","embeddable":true,"href":"https:\/\/rewo.io\/hu\/wp-json\/wp\/v2\/tags?post=8709"},{"taxonomy":"post_folder","embeddable":true,"href":"https:\/\/rewo.io\/hu\/wp-json\/wp\/v2\/post_folder?post=8709"}],"curies":[{"name":"wp","href":"https:\/\/api.w.org\/{rel}","templated":true}]}}