{"id":9203,"date":"2022-03-01T12:27:29","date_gmt":"2022-03-01T12:27:29","guid":{"rendered":"https:\/\/rewo.io\/?p=9203"},"modified":"2022-03-01T12:27:30","modified_gmt":"2022-03-01T12:27:30","slug":"a-frontvonalban-dolgozok-kik-ok-es-mit-csinalnak","status":"publish","type":"post","link":"https:\/\/rewo.io\/hu\/frontline-workers-who-are-they-and-what-do-they-do\/","title":{"rendered":"Frontvonalbeli dolgoz\u00f3k - kik \u0151k \u00e9s mit csin\u00e1lnak?"},"content":{"rendered":"<p>Az els\u0151 vonalban dolgoz\u00f3k ker\u00fcltek reflektorf\u00e9nybe 2020-ban, \u00e9s val\u00f3sz\u00edn\u0171leg \u0151k lesznek a munkaer\u0151vel \u00e9s a foglalkoztat\u00e1si r\u00e1t\u00e1kkal kapcsolatos besz\u00e9lget\u00e9sek t\u00e9m\u00e1ja. A COVID-19 vil\u00e1gj\u00e1rv\u00e1ny \u00e1ltal kiv\u00e1ltott ipari \u00e1talakul\u00e1s k\u00f6zepette az egyik legvil\u00e1gosabb felismer\u00e9s az volt, hogy a glob\u00e1lis gy\u00e1rt\u00e1st a frontvonalban dolgoz\u00f3 munkaer\u0151 hajtja. <\/p>\n\n\n\n<h2 class=\"wp-block-heading\" id=\"frontline-vs-essential-worker\">Els\u0151vonalbeli vs. alapvet\u0151 dolgoz\u00f3<\/h2>\n\n\n\n<p>A frontvonalban dolgoz\u00f3k egy szervezet azon alkalmazottai, akik valamilyen alapvet\u0151 szolg\u00e1ltat\u00e1st ny\u00fajtanak a lakoss\u00e1gnak. Nem minden alapvet\u0151 fontoss\u00e1g\u00fa munkav\u00e1llal\u00f3 sz\u00e1m\u00edt frontvonalbeli munkav\u00e1llal\u00f3nak. A megk\u00fcl\u00f6nb\u00f6ztet\u00e9s alapja az, hogy mennyi interakci\u00f3ban vannak az emberekkel, \u00e9s hogy az emberek \u00fcgyfelek vagy a ny\u00fajtott szolg\u00e1ltat\u00e1s ig\u00e9nybevev\u0151i. A frontvonalban dolgoz\u00f3k p\u00e9ld\u00e1ul\u00a0<a href=\"https:\/\/www.michigan.gov\/frontliners\/0,9886,7-412-101948_100634_102083-532640--,00.html\">a szem\u00e9lyes interakci\u00f3k nagyobb ar\u00e1nya<\/a>\u00a0mint az alapvet\u0151 fontoss\u00e1g\u00fa munkav\u00e1llal\u00f3k, akiknek nem felt\u00e9tlen\u00fcl kell a nyilv\u00e1noss\u00e1ggal kapcsolatos munkak\u00f6r\u00f6kben dolgozniuk.<\/p>\n\n\n\n<p>N\u00e9h\u00e1ny alapvet\u0151 fontoss\u00e1g\u00fa dolgoz\u00f3 otthonr\u00f3l is dolgozhat, m\u00edg a frontvonalban dolgoz\u00f3knak \u00e1ltal\u00e1ban szem\u00e9lyesen kell megjelenni\u00fck, hogy elv\u00e9gezz\u00e9k a munkak\u00f6ri feladataikat. Mind az alapvet\u0151, mind a frontvonalban dolgoz\u00f3k seg\u00edtik a t\u00e1rsadalom m\u0171k\u00f6d\u00e9s\u00e9t, \u00e9s hozz\u00e1j\u00e1rulnak azon k\u00f6z\u00f6ss\u00e9gek gazdas\u00e1gi n\u00f6veked\u00e9s\u00e9hez, amelyekben \u00e9lnek \u00e9s szolg\u00e1lnak.<\/p>\n\n\n\n<div class=\"wp-block-image\"><figure class=\"aligncenter size-large\"><img decoding=\"async\" width=\"1024\" height=\"682\" data-src=\"https:\/\/rewo.io\/wp-content\/uploads\/2022\/03\/mechanic-1024x682.jpg\" alt=\"A szerel\u0151k a frontvonalban dolgoz\u00f3k\" class=\"wp-image-9204 lazyload\" data-srcset=\"https:\/\/rewo.io\/wp-content\/uploads\/2022\/03\/mechanic-1024x682.jpg 1024w, https:\/\/rewo.io\/wp-content\/uploads\/2022\/03\/mechanic-300x200.jpg 300w, https:\/\/rewo.io\/wp-content\/uploads\/2022\/03\/mechanic-768x512.jpg 768w, https:\/\/rewo.io\/wp-content\/uploads\/2022\/03\/mechanic.jpg 1280w\" data-sizes=\"(max-width: 1024px) 100vw, 1024px\" src=\"data:image\/svg+xml;base64,PHN2ZyB3aWR0aD0iMSIgaGVpZ2h0PSIxIiB4bWxucz0iaHR0cDovL3d3dy53My5vcmcvMjAwMC9zdmciPjwvc3ZnPg==\" style=\"--smush-placeholder-width: 1024px; --smush-placeholder-aspect-ratio: 1024\/682;\" \/><\/figure><\/div>\n\n\n\n<h2 class=\"wp-block-heading\" id=\"being-a-frontline-worker-today\">Frontvonalbeli dolgoz\u00f3nak lenni ma<\/h2>\n\n\n\n<p>Az ipar\u00e1g a v\u00e1ltoz\u00e1sok tenger\u00e9nek tan\u00faja volt: az \u00fczletmenet folytonoss\u00e1ga, az operat\u00edv \u00e1tl\u00e1that\u00f3s\u00e1g, a t\u00e1vmunka, a munkav\u00e1llal\u00f3k biztons\u00e1ga \u00e9s m\u00e9g hosszan sorolhatn\u00e1nk. A v\u00e1llalkoz\u00e1sok az ell\u00e1t\u00e1si l\u00e1nc eg\u00e9sz\u00e9ben reag\u00e1ltak - \u00e9s folyamatosan alkalmazkodnak, ahogyan mindannyian elfogadjuk a helyre\u00e1ll\u00edt\u00e1si folyamatot -, \u00e9s azok a szervezetek, amelyek bevonj\u00e1k a frontvonalukat ebbe a folyamatba, a felgyorsult n\u00f6veked\u00e9s \u00e9s termel\u00e9kenys\u00e9g el\u0151nyeit \u00e9lvezik. Amikor a munka vil\u00e1ga kett\u00e9v\u00e1lt azokra, akik otthonr\u00f3l is el tudt\u00e1k v\u00e9gezni a munk\u00e1jukat, \u00e9s azokra, akik nem, a frontvonal mindenki v\u00e1rakoz\u00e1s\u00e1t fel\u00fclm\u00fal\u00f3an \u00e1talakult.<\/p>\n\n\n\n<p>A frontvonalbeli munkak\u00f6r\u00f6knek el\u0151nyei \u00e9s h\u00e1tr\u00e1nyai is vannak, ha a c\u00edm\u00fckr\u0151l van sz\u00f3. Az elm\u00falt h\u00f3napokban a frontvonalban dolgoz\u00f3k hozz\u00e1f\u00e9rhettek a COVID-19 vakcin\u00e1hoz. Munk\u00e1juk jelleg\u00e9b\u0151l ad\u00f3d\u00f3an a frontvonalban dolgoz\u00f3k beolt\u00e1s\u00e1ra a lakoss\u00e1ghoz val\u00f3 k\u00f6zels\u00e9g\u00fck miatt volt sz\u00fcks\u00e9g. A terjed\u00e9s korl\u00e1toz\u00e1sa seg\u00edt az orsz\u00e1gnak t\u00fall\u00e9pni a vil\u00e1gj\u00e1rv\u00e1nyon, \u00e9s lehet\u0151v\u00e9 teszi, hogy a dolgoz\u00f3k visszat\u00e9rhessenek az irod\u00e1ba.<\/p>\n\n\n\n<p>A frontvonalban dolgoz\u00f3k elismer\u00e9sben r\u00e9szes\u00fcltek a vil\u00e1gj\u00e1rv\u00e1ny cs\u00facspontj\u00e1n v\u00e9gzett munk\u00e1juk\u00e9rt. Sokan h\u00e1l\u00e1sak voltak az \u00e1ltaluk v\u00e9gzett munk\u00e1\u00e9rt, legyen sz\u00f3 ak\u00e1r \u00e9letment\u00e9sr\u0151l egy k\u00f3rh\u00e1zban, ak\u00e1r arr\u00f3l, hogy a v\u00edrusnak val\u00f3 kitetts\u00e9get kock\u00e1ztatva tov\u00e1bbra is \u00e9lelmiszereket csomagoltak be.<\/p>\n\n\n\n<h2 class=\"wp-block-heading\" id=\"frontline-workers-future\">A frontvonalban dolgoz\u00f3k j\u00f6v\u0151je<\/h2>\n\n\n\n<p>Mindannyian tudjuk, hogy a jelenlegi glob\u00e1lis munkaer\u0151hi\u00e1ny \u00e9s a szakk\u00e9pzetts\u00e9gi v\u00e1ls\u00e1g m\u00e9lyrehat\u00f3 kih\u00edv\u00e1sok el\u00e9 \u00e1ll\u00edtja az ipar\u00e1gunkat. A \u201cnagy lemond\u00e1s\u201d tov\u00e1bb n\u00f6veli az ipar\u00e1gon bel\u00fcli, am\u00fagy is hatalmas munkaer\u0151-kih\u00edv\u00e1sokat. Az Egyes\u00fclt \u00c1llamokban az el\u0151rejelz\u00e9sek szerint ak\u00e1r t\u00f6bb, mint\u00a0<a href=\"https:\/\/www2.deloitte.com\/us\/en\/insights\/industry\/manufacturing\/manufacturing-industry-diversity.html\" target=\"_blank\" rel=\"noreferrer noopener\">2,1 milli\u00f3 bet\u00f6ltetlen feldolgoz\u00f3ipari munkahely 2030-ig<\/a>. N\u00e9metorsz\u00e1g, Eur\u00f3pa legnagyobb gazdas\u00e1ga, el\u0151rejelz\u00e9sei szerint a foglalkoztatottak l\u00e9tsz\u00e1ma\u00a0<a href=\"https:\/\/www.bloomberg.com\/news\/articles\/2021-05-20\/europe-heads-for-jobs-crunch-that-may-be-deeper-than-the-u-s-s\" target=\"_blank\" rel=\"noreferrer noopener\">2030-ig k\u00f6r\u00fclbel\u00fcl 4 milli\u00f3val cs\u00f6kken<\/a>\u00a0ahogy a baby boomer gener\u00e1ci\u00f3 nyugd\u00edjba vonul.<\/p>\n\n\n\n<p>A frontvonalban dolgoz\u00f3k k\u00f6z\u00f6s probl\u00e9m\u00e1inak kezel\u00e9se nem egyszer\u0171 feladat. Az ipar\u00e1gaknak azonban meg kell pr\u00f3b\u00e1lniuk jav\u00edtaniuk az ezeket a szolg\u00e1ltat\u00e1sokat ny\u00fajt\u00f3 emberek munkak\u00f6r\u00fclm\u00e9nyeit. Emellett egy\u00e9rtelm\u0171, hogy a frontvonalban dolgoz\u00f3k jelent\u0151s szerepet j\u00e1tszanak a gazdas\u00e1gi n\u00f6veked\u00e9sben, \u00edgy a j\u00f3l\u00e9t\u00fckbe val\u00f3 befektet\u00e9s el\u0151ny\u00f6s lenne. Ha a potenci\u00e1lis munkav\u00e1llal\u00f3k l\u00e1tn\u00e1k, hogy frontvonalbeli dolgoz\u00f3nak lenni nagyszer\u0171 karrierlehet\u0151s\u00e9g, a munkaer\u0151 soksz\u00edn\u0171bb \u00e9s sokoldal\u00fabb lenne, \u00e9s a munkav\u00e1llal\u00f3k el\u00e9gedetts\u00e9ge val\u00f3sz\u00edn\u0171leg javulna.<\/p>\n\n\n\n<p>A fiatalabb gener\u00e1ci\u00f3k meggy\u0151z\u00e9se arr\u00f3l, hogy a gy\u00e1rt\u00e1s egy j\u00f6v\u0151orient\u00e1lt, technol\u00f3giailag fejlett p\u00e1lyav\u00e1laszt\u00e1s, egyre kritikusabb\u00e1 v\u00e1lik, \u00e9s a mobilalap\u00fa, mobil alap\u00fa <a href=\"https:\/\/rewo.io\/hu\/\">digit\u00e1lis eszk\u00f6z\u00f6k \u00e9s munkahelyi tanul\u00e1s<\/a> a lehet\u0151s\u00e9gek most m\u00e1r asztali t\u00e9tet jelentenek, hogy a munkav\u00e1llal\u00f3k itt maradjanak.<\/p>","protected":false},"excerpt":{"rendered":"<p>Frontline workers took over the spotlight in 2020, and they\u2019ll likely be a topic of conversation regarding the workforce and employment rates. One of the clearest realizations made in the midst of industrial transformation triggered by the COVID-19 pandemic has been that global manufacturing is powered by the frontline workforce. Frontline vs. essential worker Frontline [&hellip;]<\/p>\n","protected":false},"author":2,"featured_media":9204,"comment_status":"closed","ping_status":"closed","sticky":false,"template":"","format":"standard","meta":{"content-type":"","_uag_custom_page_level_css":"","site-sidebar-layout":"default","site-content-layout":"","ast-site-content-layout":"default","site-content-style":"default","site-sidebar-style":"default","ast-global-header-display":"","ast-banner-title-visibility":"","ast-main-header-display":"","ast-hfb-above-header-display":"","ast-hfb-below-header-display":"","ast-hfb-mobile-header-display":"","site-post-title":"","ast-breadcrumbs-content":"","ast-featured-img":"","footer-sml-layout":"","ast-disable-related-posts":"","theme-transparent-header-meta":"","adv-header-id-meta":"","stick-header-meta":"","header-above-stick-meta":"","header-main-stick-meta":"","header-below-stick-meta":"","astra-migrate-meta-layouts":"default","ast-page-background-enabled":"default","ast-page-background-meta":{"desktop":{"background-color":"","background-image":"","background-repeat":"repeat","background-position":"center center","background-size":"auto","background-attachment":"scroll","background-type":"","background-media":"","overlay-type":"","overlay-color":"","overlay-opacity":"","overlay-gradient":""},"tablet":{"background-color":"","background-image":"","background-repeat":"repeat","background-position":"center center","background-size":"auto","background-attachment":"scroll","background-type":"","background-media":"","overlay-type":"","overlay-color":"","overlay-opacity":"","overlay-gradient":""},"mobile":{"background-color":"","background-image":"","background-repeat":"repeat","background-position":"center center","background-size":"auto","background-attachment":"scroll","background-type":"","background-media":"","overlay-type":"","overlay-color":"","overlay-opacity":"","overlay-gradient":""}},"ast-content-background-meta":{"desktop":{"background-color":"var(--ast-global-color-5)","background-image":"","background-repeat":"repeat","background-position":"center center","background-size":"auto","background-attachment":"scroll","background-type":"","background-media":"","overlay-type":"","overlay-color":"","overlay-opacity":"","overlay-gradient":""},"tablet":{"background-color":"var(--ast-global-color-5)","background-image":"","background-repeat":"repeat","background-position":"center center","background-size":"auto","background-attachment":"scroll","background-type":"","background-media":"","overlay-type":"","overlay-color":"","overlay-opacity":"","overlay-gradient":""},"mobile":{"background-color":"var(--ast-global-color-5)","background-image":"","background-repeat":"repeat","background-position":"center center","background-size":"auto","background-attachment":"scroll","background-type":"","background-media":"","overlay-type":"","overlay-color":"","overlay-opacity":"","overlay-gradient":""}},"wds_primary_category":0,"footnotes":""},"categories":[17],"tags":[105],"post_folder":[],"class_list":["post-9203","post","type-post","status-publish","format-standard","has-post-thumbnail","hentry","category-industry-4-0","tag-frontline-workers"],"uagb_featured_image_src":{"full":["https:\/\/rewo.io\/wp-content\/uploads\/2022\/03\/mechanic.jpg",1280,853,false],"thumbnail":["https:\/\/rewo.io\/wp-content\/uploads\/2022\/03\/mechanic-150x150.jpg",150,150,true],"medium":["https:\/\/rewo.io\/wp-content\/uploads\/2022\/03\/mechanic-300x200.jpg",300,200,true],"medium_large":["https:\/\/rewo.io\/wp-content\/uploads\/2022\/03\/mechanic-768x512.jpg",768,512,true],"large":["https:\/\/rewo.io\/wp-content\/uploads\/2022\/03\/mechanic-1024x682.jpg",1024,682,true],"1536x1536":["https:\/\/rewo.io\/wp-content\/uploads\/2022\/03\/mechanic.jpg",1280,853,false],"2048x2048":["https:\/\/rewo.io\/wp-content\/uploads\/2022\/03\/mechanic.jpg",1280,853,false],"trp-custom-language-flag":["https:\/\/rewo.io\/wp-content\/uploads\/2022\/03\/mechanic.jpg",18,12,false]},"uagb_author_info":{"display_name":"VIAR","author_link":"https:\/\/rewo.io\/hu\/author\/viar\/"},"uagb_comment_info":0,"uagb_excerpt":"Frontline workers took over the spotlight in 2020, and they\u2019ll likely be a topic of conversation regarding the workforce and employment rates. One of the clearest realizations made in the midst of industrial transformation triggered by the COVID-19 pandemic has been that global manufacturing is powered by the frontline workforce. Frontline vs. essential worker Frontline&hellip;","_links":{"self":[{"href":"https:\/\/rewo.io\/hu\/wp-json\/wp\/v2\/posts\/9203","targetHints":{"allow":["GET"]}}],"collection":[{"href":"https:\/\/rewo.io\/hu\/wp-json\/wp\/v2\/posts"}],"about":[{"href":"https:\/\/rewo.io\/hu\/wp-json\/wp\/v2\/types\/post"}],"author":[{"embeddable":true,"href":"https:\/\/rewo.io\/hu\/wp-json\/wp\/v2\/users\/2"}],"replies":[{"embeddable":true,"href":"https:\/\/rewo.io\/hu\/wp-json\/wp\/v2\/comments?post=9203"}],"version-history":[{"count":0,"href":"https:\/\/rewo.io\/hu\/wp-json\/wp\/v2\/posts\/9203\/revisions"}],"wp:featuredmedia":[{"embeddable":true,"href":"https:\/\/rewo.io\/hu\/wp-json\/wp\/v2\/media\/9204"}],"wp:attachment":[{"href":"https:\/\/rewo.io\/hu\/wp-json\/wp\/v2\/media?parent=9203"}],"wp:term":[{"taxonomy":"category","embeddable":true,"href":"https:\/\/rewo.io\/hu\/wp-json\/wp\/v2\/categories?post=9203"},{"taxonomy":"post_tag","embeddable":true,"href":"https:\/\/rewo.io\/hu\/wp-json\/wp\/v2\/tags?post=9203"},{"taxonomy":"post_folder","embeddable":true,"href":"https:\/\/rewo.io\/hu\/wp-json\/wp\/v2\/post_folder?post=9203"}],"curies":[{"name":"wp","href":"https:\/\/api.w.org\/{rel}","templated":true}]}}